{"id":10243,"date":"2011-02-06T13:19:48","date_gmt":"2011-02-06T12:19:48","guid":{"rendered":"https:\/\/www.musikfabrik.eu\/blog\/hans-werner-henze-gisela-video\/"},"modified":"2022-07-19T13:24:57","modified_gmt":"2022-07-19T11:24:57","slug":"hans-werner-henze-gisela-video","status":"publish","type":"post","link":"https:\/\/www.musikfabrik.eu\/en\/blog\/hans-werner-henze-gisela-video\/","title":{"rendered":"Hans Werner Henze: Gisela \u2013 Video"},"content":{"rendered":"<div class=\"ce ce-twocol \" >\r\n    <div class=\"container\">\r\n        <div class=\"row\">\r\n            <div class=\"col col-custom-1\">\r\n\t\t\t\t<p>\u201cGisela\u201c stand im Mittelpunkt der im Rahmen des Projekts \u201eNeue Musik f\u00fcr eine Metropole\u201c \u2013 der Hans Werner Henze gewidmeten Veranstaltungen der Kulturhauptstadt Europas RUHR.2010. F\u00fcr das Ensemble hat die Mitwirkung bei diesem Musiktheaterst\u00fcck \u00fcber Jugendliche und mit Jugendlichen neben vielen spannenden, herausfordernden Momenten vor allem die Chance geboten, sich k\u00fcnstlerisch-musikalisch intensiv weiterzuentwickeln.<\/p>\n<p>Im Zuge der Ruhrtriennale 2010 wurde die Oper \u201eGisela\u201c von Hans Werner Henze in einer spektakul\u00e4ren Inszenierung in der Maschinenhalle Zeche Zweckel in Gladbeck uraufgef\u00fchrt.<\/p>\n<p>Ein Musiktheaterst\u00fcck von Hans Werner Henze, Christian Lehnert und Michael Kerstan<\/p>\n<p>Eine Urauff\u00fchrung der Ruhrtriennale<br \/>\nEin Auftragswerk der S\u00e4chsischen Staatsoper Dresden und der Kulturhauptstadt Europas RUHR.2010 f\u00fcr \u201eDas Henze-Projekt\u201c.<\/p>\n            <\/div>\r\n            <div class=\"col col-custom-2\">\r\n\t\t\t\t\n<div class=\"brlbs-cmpnt-container brlbs-cmpnt-content-blocker brlbs-cmpnt-with-individual-styles\" data-borlabs-cookie-content-blocker-id=\"youtube-content-blocker\" data-borlabs-cookie-content=\"PGRpdiBjbGFzcz0icmVzcG9uc2l2ZS12aWRlbyI+PGlmcmFtZSB0aXRsZT0iSGFucyBXZXJuZXIgSGVuemUgfCBHSVNFTEEhIHwgU3R1ZGlvIE11c2lrZmFicmlrIiB3aWR0aD0iNTAwIiBoZWlnaHQ9IjI4MSIgc3JjPSJodHRwczovL3d3dy55b3V0dWJlLW5vY29va2llLmNvbS9lbWJlZC8wWWxDR2J5eUZ0WT9mZWF0dXJlPW9lbWJlZCZzaG93aW5mbz0wIiBmcmFtZWJvcmRlcj0iMCIgYWxsb3c9ImFjY2VsZXJvbWV0ZXI7IGF1dG9wbGF5OyBjbGlwYm9hcmQtd3JpdGU7IGVuY3J5cHRlZC1tZWRpYTsgZ3lyb3Njb3BlOyBwaWN0dXJlLWluLXBpY3R1cmU7IHdlYi1zaGFyZSIgcmVmZXJyZXJwb2xpY3k9InN0cmljdC1vcmlnaW4td2hlbi1jcm9zcy1vcmlnaW4iIGFsbG93ZnVsbHNjcmVlbj48L2lmcmFtZT48L2Rpdj4=\">\n<div class=\"brlbs-cmpnt-cb-preset-c brlbs-cmpnt-cb-youtube\">\n<div class=\"brlbs-cmpnt-cb-thumbnail\" style=\"background-image: url('https:\/\/www.musikfabrik.eu\/wp-content\/uploads\/borlabs-cookie\/1\/yt_0YlCGbyyFtY_hqdefault.jpg')\"><\/div>\n<div class=\"brlbs-cmpnt-cb-main\">\n<div class=\"brlbs-cmpnt-cb-play-button\"><\/div>\n<div class=\"brlbs-cmpnt-cb-content\">\n<p class=\"brlbs-cmpnt-cb-description\">You are currently viewing a placeholder content from <strong>YouTube<\/strong>. To access the actual content, click the button below. Please note that doing so will share data with third-party providers.<\/p>\n<p> <a class=\"brlbs-cmpnt-cb-provider-toggle\" href=\"#\" data-borlabs-cookie-show-provider-information role=\"button\">More Information<\/a> <\/div>\n<div class=\"brlbs-cmpnt-cb-buttons\"> <a class=\"brlbs-cmpnt-cb-btn\" href=\"#\" data-borlabs-cookie-unblock role=\"button\">Unblock content<\/a> <a class=\"brlbs-cmpnt-cb-btn\" href=\"#\" data-borlabs-cookie-accept-service role=\"button\" style=\"display: inherit\">Accept required service and unblock content<\/a> <\/div>\n<\/p><\/div>\n<\/p><\/div>\n<\/div>\n            <\/div>\r\n        <\/div>\r\n    <\/div>\r\n<\/div>\r\n","protected":false},"excerpt":{"rendered":"<p>Eine Urauff\u00fchrung von Studio Musikfabrik bei der Ruhrtriennale<\/p>\n","protected":false},"author":7,"featured_media":2524,"comment_status":"closed","ping_status":"closed","sticky":false,"template":"","format":"standard","meta":{"_acf_changed":false,"_relevanssi_hide_post":"","_relevanssi_hide_content":"","_relevanssi_pin_for_all":"","_relevanssi_pin_keywords":"","_relevanssi_unpin_keywords":"","_relevanssi_related_keywords":"","_relevanssi_related_include_ids":"","_relevanssi_related_exclude_ids":"","_relevanssi_related_no_append":"","_relevanssi_related_not_related":"","_relevanssi_related_posts":"","_relevanssi_noindex_reason":"","footnotes":""},"categories":[107,3],"tags":[121],"class_list":["post-10243","post","type-post","status-publish","format-standard","has-post-thumbnail","hentry","category-article","category-video","tag-studio-musikfabrik-en"],"acf":[],"_links":{"self":[{"href":"https:\/\/www.musikfabrik.eu\/en\/wp-json\/wp\/v2\/posts\/10243","targetHints":{"allow":["GET"]}}],"collection":[{"href":"https:\/\/www.musikfabrik.eu\/en\/wp-json\/wp\/v2\/posts"}],"about":[{"href":"https:\/\/www.musikfabrik.eu\/en\/wp-json\/wp\/v2\/types\/post"}],"author":[{"embeddable":true,"href":"https:\/\/www.musikfabrik.eu\/en\/wp-json\/wp\/v2\/users\/7"}],"replies":[{"embeddable":true,"href":"https:\/\/www.musikfabrik.eu\/en\/wp-json\/wp\/v2\/comments?post=10243"}],"version-history":[{"count":1,"href":"https:\/\/www.musikfabrik.eu\/en\/wp-json\/wp\/v2\/posts\/10243\/revisions"}],"predecessor-version":[{"id":10245,"href":"https:\/\/www.musikfabrik.eu\/en\/wp-json\/wp\/v2\/posts\/10243\/revisions\/10245"}],"wp:featuredmedia":[{"embeddable":true,"href":"https:\/\/www.musikfabrik.eu\/en\/wp-json\/wp\/v2\/media\/2524"}],"wp:attachment":[{"href":"https:\/\/www.musikfabrik.eu\/en\/wp-json\/wp\/v2\/media?parent=10243"}],"wp:term":[{"taxonomy":"category","embeddable":true,"href":"https:\/\/www.musikfabrik.eu\/en\/wp-json\/wp\/v2\/categories?post=10243"},{"taxonomy":"post_tag","embeddable":true,"href":"https:\/\/www.musikfabrik.eu\/en\/wp-json\/wp\/v2\/tags?post=10243"}],"curies":[{"name":"wp","href":"https:\/\/api.w.org\/{rel}","templated":true}]}}