{"id":15104,"date":"2025-09-01T20:00:27","date_gmt":"2025-09-01T18:00:27","guid":{"rendered":"https:\/\/www.musikfabrik.eu\/?p=15104"},"modified":"2025-09-01T14:37:55","modified_gmt":"2025-09-01T12:37:55","slug":"27-juni-2009","status":"publish","type":"post","link":"https:\/\/www.musikfabrik.eu\/de\/blog\/27-juni-2009\/","title":{"rendered":"27. Juni 2009"},"content":{"rendered":"<div class=\"ce ce-twocol fullwidth bgr-yellow pb-medium pt-medium layout-8-4\" >\r\n    <div class=\"container\">\r\n        <div class=\"row\">\r\n            <div class=\"col col-custom-1\">\r\n\t\t\t\t\n<div class=\"brlbs-cmpnt-container brlbs-cmpnt-content-blocker brlbs-cmpnt-with-individual-styles\" data-borlabs-cookie-content-blocker-id=\"youtube-content-blocker\" data-borlabs-cookie-content=\"PGRpdiBjbGFzcz0icmVzcG9uc2l2ZS12aWRlbyI+PGlmcmFtZSB0aXRsZT0iQWFyb24gQ2Fzc2lkeSDigJMgMjcuIEp1bmkgMjAwOSAoMjAyMCAtIDIxKSIgd2lkdGg9IjUwMCIgaGVpZ2h0PSIyODEiIHNyYz0iaHR0cHM6Ly93d3cueW91dHViZS1ub2Nvb2tpZS5jb20vZW1iZWQvUTJzN0d3TmkyR28\/ZmVhdHVyZT1vZW1iZWQmc2hvd2luZm89MCIgZnJhbWVib3JkZXI9IjAiIGFsbG93PSJhY2NlbGVyb21ldGVyOyBhdXRvcGxheTsgY2xpcGJvYXJkLXdyaXRlOyBlbmNyeXB0ZWQtbWVkaWE7IGd5cm9zY29wZTsgcGljdHVyZS1pbi1waWN0dXJlOyB3ZWItc2hhcmUiIHJlZmVycmVycG9saWN5PSJzdHJpY3Qtb3JpZ2luLXdoZW4tY3Jvc3Mtb3JpZ2luIiBhbGxvd2Z1bGxzY3JlZW4+PC9pZnJhbWU+PC9kaXY+\">\n<div class=\"brlbs-cmpnt-cb-preset-c brlbs-cmpnt-cb-youtube\">\n<div class=\"brlbs-cmpnt-cb-thumbnail\" style=\"background-image: url('https:\/\/www.musikfabrik.eu\/wp-content\/uploads\/borlabs-cookie\/1\/yt_Q2s7GwNi2Go_hqdefault.jpg')\"><\/div>\n<div class=\"brlbs-cmpnt-cb-main\">\n<div class=\"brlbs-cmpnt-cb-play-button\"><\/div>\n<div class=\"brlbs-cmpnt-cb-content\">\n<p class=\"brlbs-cmpnt-cb-description\">Sie sehen gerade einen Platzhalterinhalt von <strong>YouTube<\/strong>. Um auf den eigentlichen Inhalt zuzugreifen, klicken Sie auf die Schaltfl\u00e4che unten. Bitte beachten Sie, dass dabei Daten an Drittanbieter weitergegeben werden.<\/p>\n<p> <a class=\"brlbs-cmpnt-cb-provider-toggle\" href=\"#\" data-borlabs-cookie-show-provider-information role=\"button\">Mehr Informationen<\/a> <\/div>\n<div class=\"brlbs-cmpnt-cb-buttons\"> <a class=\"brlbs-cmpnt-cb-btn\" href=\"#\" data-borlabs-cookie-unblock role=\"button\">Inhalt entsperren<\/a> <a class=\"brlbs-cmpnt-cb-btn\" href=\"#\" data-borlabs-cookie-accept-service role=\"button\" style=\"display: inherit\">Erforderlichen Service akzeptieren und Inhalte entsperren<\/a> <\/div>\n<\/p><\/div>\n<\/p><\/div>\n<\/div>\n            <\/div>\r\n            <div class=\"col col-custom-2\">\r\n\t\t\t\t<p><strong>Aaron Cassidy<\/strong> \u2013 <em>27. Juni 2009<\/em> (2020 &#8211; 21)<br \/>\nf\u00fcr Es-Klarinette<\/p>\n<p>Carl Rosman, Klarinette<\/p>\n<p>Janet Sinica, video\/editing<br \/>\nStephan Schmidt, recording producer\/editing<\/p>\n<p>Liveaufnahme von der Urauff\u00fchrung beim <a href=\"https:\/\/www.musikfabrik.eu\/de\/kalender\/montagskonzert-in-nomines\/\" target=\"_blank\" rel=\"noopener\">Montagskonzert<\/a> \u201eIn Nomines\u201c am 2.10.2023.<\/p>\n            <\/div>\r\n        <\/div>\r\n    <\/div>\r\n<\/div>\r\n<div class=\"ce ce-headline pt-medium\">\n    <div class=\"container\">\n        <div class=\"row\">\n            <div class=\"col\">\n\t\t\t\t<h3>Werktext<\/h3>            <\/div>\n        <\/div>\n    <\/div>\n<\/div>\n<div class=\"ce ce-onecol \" >\r\n    <div class=\"container\">\r\n        <div class=\"row\">\r\n            <div class=\"col\">\r\n\t\t\t\t<p>Die \u00fcbermalten Fotografien von Gerhard Richter faszinieren mich schon lange. Als Sammlung sind sie merkw\u00fcrdig \u2013 in mancher Hinsicht sind sie informell, spontan, beil\u00e4ufig und sogar substanzlos; in anderer Hinsicht sind sie gewaltt\u00e4tig, unvers\u00f6hnlich, abweisend, sogar brutal. Diese Gem\u00e4lde sind Miniaturen \u2013 einfache Schnappsch\u00fcsse, in der Regel 10 x 15 cm -, aber es gibt etwas an dem Missverh\u00e4ltnis zwischen dem Ma\u00dfstab der \u00fcbermalten Schicht und dem Ma\u00dfstab der Teile der fotografischen Bilder, die durchscheinen, das einen Eindruck von etwas ziemlich Massivem vermittelt. Die Farbe \u00fcberw\u00e4ltigt, verdr\u00e4ngt, verwischt. Im Zusammenhang mit den Proportionen des Fotos nehmen die einfachen, verschmierten Farbschichten oft eine extreme, gigantische Pr\u00e4senz an.<\/p>\n<p>F\u00fcr mich werden die Spannungen und Mehrdeutigkeiten in diesen Beziehungen zwischen Farbe und Fotografie in den \u00fcbermalten Werken Richters, die Menschen und insbesondere Gesichter zeigen, noch deutlicher. Einige der \u00fcbermalten Werke bleiben ziemlich abstrakt, und ihre Spannungen zwischen den Schichten sind zwar faszinierend, bleiben aber weitgehend konzeptuell. Aber wenn das urspr\u00fcngliche Thema der zugrunde liegenden Fotografie ein Gesicht, eine Person ist, wird das Ausma\u00df der Kollision viel schwerer, bedrohlicher, r\u00fccksichtsloser.<\/p>\n<p><a href=\"https:\/\/www.gerhard-richter.com\/en\/art\/overpainted-photographs\/people-74\/27-juni-2009-17890\/?&amp;categoryid=74&amp;p=4&amp;sp=32\" target=\"_blank\" rel=\"noopener\"><em>27. Juni 2009<\/em><\/a> (die Titel geben einfach das Datum der Ausf\u00fchrung an) ist eines der fesselndsten Bilder dieser Serie. Es ist \u2013 oder war \u2013 ein Portr\u00e4t, eine Nahaufnahme eines Gesichts, die so beschnitten ist, dass das Gesicht fast die gesamte linke H\u00e4lfte des Bildes ausf\u00fcllt. \u00dcber dem Gesicht befindet sich ein dicker, gezogener Klumpen leuchtend roter Farbe, der ebenfalls den gr\u00f6\u00dften Teil der linken Seite der Leinwand ausf\u00fcllt, so dass nur ein kleiner Splitter des Auges und der Augenbraue sowie ein winziges St\u00fcck des Kieferumrisses sichtbar bleiben. Die rechte Seite der Leinwand ist in gewisser Weise nicht weniger streng: Was ein entfernter, verschwommener, neutraler blaugrauer Hintergrund war, ist hier mit roten und gr\u00fcnen Streifen bedeckt, die weniger dicht in der Textur und fast gitterartig sind, aber in gewisser Weise macht die Tatsache, dass diese Seite ein wenig mehr von dem urspr\u00fcnglichen Bild darunter enth\u00fcllt, die Undurchsichtigkeit des dicken Rots auf der linken Seite noch verheerender, kraftvoller, unvermeidlicher. Aber es ist auch wichtig, dass klar ist, dass diese beiden H\u00e4lften sowohl unkontrolliert als auch unmanipuliert sind &#8211; ihre Muster, Formen, Farbt\u00f6ne und Texturen sind allesamt nur Nebenprodukte einfacher, sogar ungeschickter Gesten: schnell, improvisiert, unbestimmt. (Offenbar dr\u00fcckt Richter die Fotografie manchmal sogar mit dem Gesicht nach unten in die Farbe, so dass er nicht einmal genau wei\u00df, was das Ergebnis sein wird.)<\/p>\n<p>Diese \u00fcbermalten Fotos von Menschen haben f\u00fcr mich w\u00e4hrend der Pandemie eine besondere Bedeutung erlangt. Das Gef\u00fchl der Ausl\u00f6schung \u2013 von Menschen, Erinnerungen, Erfahrungen, Umgebungen, ernsten und unbedeutenden Interaktionen \u2013 war \u00fcberw\u00e4ltigend. Die eigenen Erfahrungen mit der Menschheit sind pulverisiert, verst\u00fcmmelt, distanziert, vergessen, virtuell. Gesichter werden verdeckt &#8211; nat\u00fcrlich im w\u00f6rtlichen Sinne, aber auch im \u00fcbertragenen Sinne, emotional, erfahrungsgem\u00e4\u00df.<\/p>\n<p><em>27. Juni 2009<\/em> wurde von Carl Rosman in Auftrag gegeben, einem alten Freund, mit dem ich die gro\u00dfe Freude hatte, in vielen verschiedenen Kontexten zusammenzuarbeiten, und das nun schon seit \u00fcber 20 Jahren. Er hat in meinem musikalischen Leben eine \u00fcberragende Rolle gespielt \u2013 und tut dies auch weiterhin -, wof\u00fcr ich ihm sehr dankbar bin. Die Auftragskomposition wurde durch die Unterst\u00fctzung des Landes Nordrhein-Westfalen erm\u00f6glicht und ist Carl anl\u00e4sslich seines 50. Geburtstags gewidmet.<br \/>\n<a href=\"https:\/\/aaroncassidy.com\/product\/27juni2009\/\" target=\"_blank\" rel=\"noopener\"><em>Aaron Cassidy<\/em><\/a><\/p>\n            <\/div>\r\n        <\/div>\r\n    <\/div>\r\n<\/div>\r\n","protected":false},"excerpt":{"rendered":"<p>Carl Rosman spielt Aaron Cassidys &#8222;27. Juni 2009&#8220;. Eine Liveaufnahme der Urauff\u00fchrung<\/p>\n","protected":false},"author":6,"featured_media":9244,"comment_status":"closed","ping_status":"closed","sticky":false,"template":"","format":"standard","meta":{"_acf_changed":false,"_relevanssi_hide_post":"","_relevanssi_hide_content":"","_relevanssi_pin_for_all":"","_relevanssi_pin_keywords":"","_relevanssi_unpin_keywords":"","_relevanssi_related_keywords":"","_relevanssi_related_include_ids":"","_relevanssi_related_exclude_ids":"","_relevanssi_related_no_append":"","_relevanssi_related_not_related":"","_relevanssi_related_posts":"","_relevanssi_noindex_reason":"","footnotes":""},"categories":[1],"tags":[101],"class_list":["post-15104","post","type-post","status-publish","format-standard","has-post-thumbnail","hentry","category-video","tag-montagskonzert"],"acf":[],"_links":{"self":[{"href":"https:\/\/www.musikfabrik.eu\/de\/wp-json\/wp\/v2\/posts\/15104","targetHints":{"allow":["GET"]}}],"collection":[{"href":"https:\/\/www.musikfabrik.eu\/de\/wp-json\/wp\/v2\/posts"}],"about":[{"href":"https:\/\/www.musikfabrik.eu\/de\/wp-json\/wp\/v2\/types\/post"}],"author":[{"embeddable":true,"href":"https:\/\/www.musikfabrik.eu\/de\/wp-json\/wp\/v2\/users\/6"}],"replies":[{"embeddable":true,"href":"https:\/\/www.musikfabrik.eu\/de\/wp-json\/wp\/v2\/comments?post=15104"}],"version-history":[{"count":10,"href":"https:\/\/www.musikfabrik.eu\/de\/wp-json\/wp\/v2\/posts\/15104\/revisions"}],"predecessor-version":[{"id":15119,"href":"https:\/\/www.musikfabrik.eu\/de\/wp-json\/wp\/v2\/posts\/15104\/revisions\/15119"}],"wp:featuredmedia":[{"embeddable":true,"href":"https:\/\/www.musikfabrik.eu\/de\/wp-json\/wp\/v2\/media\/9244"}],"wp:attachment":[{"href":"https:\/\/www.musikfabrik.eu\/de\/wp-json\/wp\/v2\/media?parent=15104"}],"wp:term":[{"taxonomy":"category","embeddable":true,"href":"https:\/\/www.musikfabrik.eu\/de\/wp-json\/wp\/v2\/categories?post=15104"},{"taxonomy":"post_tag","embeddable":true,"href":"https:\/\/www.musikfabrik.eu\/de\/wp-json\/wp\/v2\/tags?post=15104"}],"curies":[{"name":"wp","href":"https:\/\/api.w.org\/{rel}","templated":true}]}}