{"id":14817,"date":"2025-05-07T14:41:22","date_gmt":"2025-05-07T12:41:22","guid":{"rendered":"https:\/\/www.musikfabrik.eu\/?p=14817"},"modified":"2025-05-07T15:07:23","modified_gmt":"2025-05-07T13:07:23","slug":"gregor-hotz-wird-neuer-intendant-des-ensemble-musikfabrik","status":"publish","type":"post","link":"https:\/\/www.musikfabrik.eu\/de\/blog\/gregor-hotz-wird-neuer-intendant-des-ensemble-musikfabrik\/","title":{"rendered":"Gregor Hotz wird neuer Intendant des Ensemble Musikfabrik"},"content":{"rendered":"<div class=\"ce ce-twocol layout-4-8\" >\r\n    <div class=\"container\">\r\n        <div class=\"row\">\r\n            <div class=\"col col-custom-1\">\r\n\t\t\t\t<figure id=\"attachment_14819\" aria-describedby=\"caption-attachment-14819\" class=\"wp-caption aligncenter\"><img decoding=\"async\" class=\"wp-image-14819 size-medium\" src=\"https:\/\/www.musikfabrik.eu\/wp-content\/uploads\/2025\/05\/Gregor-Hotz-\u00a9-Victoria-Alexandrova-276x300.jpg\" alt=\"\" width=\"276\" height=\"300\" srcset=\"https:\/\/www.musikfabrik.eu\/wp-content\/uploads\/2025\/05\/Gregor-Hotz-\u00a9-Victoria-Alexandrova-276x300.jpg 276w, https:\/\/www.musikfabrik.eu\/wp-content\/uploads\/2025\/05\/Gregor-Hotz-\u00a9-Victoria-Alexandrova-768x835.jpg 768w, https:\/\/www.musikfabrik.eu\/wp-content\/uploads\/2025\/05\/Gregor-Hotz-\u00a9-Victoria-Alexandrova.jpg 800w\" sizes=\"(max-width: 276px) 100vw, 276px\" \/><figcaption id=\"caption-attachment-14819\" class=\"wp-caption-text\">Gregor Hotz \u00a9 Victoria Alexandrova<\/figcaption><\/figure>\n            <\/div>\r\n            <div class=\"col col-custom-2\">\r\n\t\t\t\t<p>Gregor Hotz wird zum 1. Januar 2026 neuer Intendant des Ensemble Musikfabrik. Bis dahin bleibt Thomas Fichter in dieser Position, dem das Ensemble f\u00fcr seine langj\u00e4hrige, erfolgreiche und zukunftsweisende Arbeit von Herzen dankt. Marco Blaauw, Vorstandsvorsitzender des Ensemble Musikfabrik, erkl\u00e4rt dazu: \u201eWir freuen uns sehr, mit Gregor Hotz einen profilierten Kulturmanager und profunden Kenner der zeitgen\u00f6ssischen Musik f\u00fcr diese Aufgabe gewonnen zu haben. Mit seiner Erfahrung und Leidenschaft f\u00fcr neue Musik wird er das Ensemble mit frischen Impulsen in die Zukunft f\u00fchren.\u201c<\/p>\n<p>Gregor Hotz ist derzeit Gesch\u00e4ftsf\u00fchrer des Musikfonds e.V. in Berlin, der zentralen F\u00f6rderinstitution des Bundes f\u00fcr aktuelle Musik. Zuvor war er \u00fcber viele Jahre als freier Kurator und Kulturmanager t\u00e4tig, unter anderem als Mitbegr\u00fcnder des unabh\u00e4ngigen Veranstaltungsorts ausland, als Leiter des Splitter Orchesters sowie als Initiator zahlreicher internationaler Projekte im Bereich aktueller Musik und Klangkunst.<\/p>\n            <\/div>\r\n        <\/div>\r\n    <\/div>\r\n<\/div>\r\n<div class=\"ce ce-onecol \" >\r\n    <div class=\"container\">\r\n        <div class=\"row\">\r\n            <div class=\"col\">\r\n\t\t\t\t            <\/div>\r\n        <\/div>\r\n    <\/div>\r\n<\/div>\r\n","protected":false},"excerpt":{"rendered":"<p>Gregor Hotz wird zum 1. Januar 2026 neuer Intendant des Ensemble Musikfabrik.<\/p>\n","protected":false},"author":6,"featured_media":14819,"comment_status":"closed","ping_status":"closed","sticky":false,"template":"","format":"standard","meta":{"_acf_changed":false,"_relevanssi_hide_post":"","_relevanssi_hide_content":"","_relevanssi_pin_for_all":"","_relevanssi_pin_keywords":"","_relevanssi_unpin_keywords":"","_relevanssi_related_keywords":"","_relevanssi_related_include_ids":"","_relevanssi_related_exclude_ids":"","_relevanssi_related_no_append":"","_relevanssi_related_not_related":"","_relevanssi_related_posts":"","_relevanssi_noindex_reason":"","footnotes":""},"categories":[89],"tags":[],"class_list":["post-14817","post","type-post","status-publish","format-standard","has-post-thumbnail","hentry","category-artikel"],"acf":[],"_links":{"self":[{"href":"https:\/\/www.musikfabrik.eu\/de\/wp-json\/wp\/v2\/posts\/14817","targetHints":{"allow":["GET"]}}],"collection":[{"href":"https:\/\/www.musikfabrik.eu\/de\/wp-json\/wp\/v2\/posts"}],"about":[{"href":"https:\/\/www.musikfabrik.eu\/de\/wp-json\/wp\/v2\/types\/post"}],"author":[{"embeddable":true,"href":"https:\/\/www.musikfabrik.eu\/de\/wp-json\/wp\/v2\/users\/6"}],"replies":[{"embeddable":true,"href":"https:\/\/www.musikfabrik.eu\/de\/wp-json\/wp\/v2\/comments?post=14817"}],"version-history":[{"count":7,"href":"https:\/\/www.musikfabrik.eu\/de\/wp-json\/wp\/v2\/posts\/14817\/revisions"}],"predecessor-version":[{"id":14826,"href":"https:\/\/www.musikfabrik.eu\/de\/wp-json\/wp\/v2\/posts\/14817\/revisions\/14826"}],"wp:featuredmedia":[{"embeddable":true,"href":"https:\/\/www.musikfabrik.eu\/de\/wp-json\/wp\/v2\/media\/14819"}],"wp:attachment":[{"href":"https:\/\/www.musikfabrik.eu\/de\/wp-json\/wp\/v2\/media?parent=14817"}],"wp:term":[{"taxonomy":"category","embeddable":true,"href":"https:\/\/www.musikfabrik.eu\/de\/wp-json\/wp\/v2\/categories?post=14817"},{"taxonomy":"post_tag","embeddable":true,"href":"https:\/\/www.musikfabrik.eu\/de\/wp-json\/wp\/v2\/tags?post=14817"}],"curies":[{"name":"wp","href":"https:\/\/api.w.org\/{rel}","templated":true}]}}