{"id":13959,"date":"2025-01-13T17:10:30","date_gmt":"2025-01-13T16:10:30","guid":{"rendered":"https:\/\/www.musikfabrik.eu\/?p=13959"},"modified":"2025-01-13T17:29:16","modified_gmt":"2025-01-13T16:29:16","slug":"brass-academy-2025-closing-concert","status":"publish","type":"post","link":"https:\/\/www.musikfabrik.eu\/de\/blog\/brass-academy-2025-closing-concert\/","title":{"rendered":"Brass Academy 2025 \u2013\u00a0Closing Concert"},"content":{"rendered":"<div class=\"ce ce-twocol fullwidth layout-8-4\" >\r\n    <div class=\"container\">\r\n        <div class=\"row\">\r\n            <div class=\"col col-custom-1\">\r\n\t\t\t\t\n<div class=\"brlbs-cmpnt-container brlbs-cmpnt-content-blocker brlbs-cmpnt-with-individual-styles\" data-borlabs-cookie-content-blocker-id=\"youtube-content-blocker\" data-borlabs-cookie-content=\"PGRpdiBjbGFzcz0icmVzcG9uc2l2ZS12aWRlbyI+PGlmcmFtZSB0aXRsZT0iQnJhc3MgQWNhZGVteSDigJMgQ2xvc2luZyBDb25jZXJ0IiB3aWR0aD0iNTAwIiBoZWlnaHQ9IjI4MSIgc3JjPSJodHRwczovL3d3dy55b3V0dWJlLW5vY29va2llLmNvbS9lbWJlZC9YN21vTWotVzA4RT9mZWF0dXJlPW9lbWJlZCZzaG93aW5mbz0wIiBmcmFtZWJvcmRlcj0iMCIgYWxsb3c9ImFjY2VsZXJvbWV0ZXI7IGF1dG9wbGF5OyBjbGlwYm9hcmQtd3JpdGU7IGVuY3J5cHRlZC1tZWRpYTsgZ3lyb3Njb3BlOyBwaWN0dXJlLWluLXBpY3R1cmU7IHdlYi1zaGFyZSIgcmVmZXJyZXJwb2xpY3k9InN0cmljdC1vcmlnaW4td2hlbi1jcm9zcy1vcmlnaW4iIGFsbG93ZnVsbHNjcmVlbj48L2lmcmFtZT48L2Rpdj4=\">\n<div class=\"brlbs-cmpnt-cb-preset-c brlbs-cmpnt-cb-youtube\">\n<div class=\"brlbs-cmpnt-cb-thumbnail\" style=\"background-image: url('https:\/\/www.musikfabrik.eu\/wp-content\/uploads\/borlabs-cookie\/1\/yt_X7moMj-W08E_hqdefault.jpg')\"><\/div>\n<div class=\"brlbs-cmpnt-cb-main\">\n<div class=\"brlbs-cmpnt-cb-play-button\"><\/div>\n<div class=\"brlbs-cmpnt-cb-content\">\n<p class=\"brlbs-cmpnt-cb-description\">Sie sehen gerade einen Platzhalterinhalt von <strong>YouTube<\/strong>. Um auf den eigentlichen Inhalt zuzugreifen, klicken Sie auf die Schaltfl\u00e4che unten. Bitte beachten Sie, dass dabei Daten an Drittanbieter weitergegeben werden.<\/p>\n<p> <a class=\"brlbs-cmpnt-cb-provider-toggle\" href=\"#\" data-borlabs-cookie-show-provider-information role=\"button\">Mehr Informationen<\/a> <\/div>\n<div class=\"brlbs-cmpnt-cb-buttons\"> <a class=\"brlbs-cmpnt-cb-btn\" href=\"#\" data-borlabs-cookie-unblock role=\"button\">Inhalt entsperren<\/a> <a class=\"brlbs-cmpnt-cb-btn\" href=\"#\" data-borlabs-cookie-accept-service role=\"button\" style=\"display: inherit\">Erforderlichen Service akzeptieren und Inhalte entsperren<\/a> <\/div>\n<\/p><\/div>\n<\/p><\/div>\n<\/div>\n            <\/div>\r\n            <div class=\"col col-custom-2\">\r\n\t\t\t\t<p><span style=\"font-weight: 400;\">Abschlusskonzert der <\/span><a href=\"https:\/\/www.musikfabrik.eu\/de\/akademie\/hochschule\/virtual-brass-academy-for-composers\/\"><span style=\"font-weight: 400;\">Virtual Brass Academy<\/span><\/a><span style=\"font-weight: 400;\"> mit 3-min\u00fctigen Urauff\u00fchrungen der teilnehmenden Komponist*innen<\/span><\/p>\n<p><b>Parsa Zandi<\/b><span style=\"font-weight: 400;\"> \u2013 <\/span><i><span style=\"font-weight: 400;\">Introspection I <\/span><\/i><span style=\"font-weight: 400;\">(2025)<br \/>\n<\/span><span style=\"font-weight: 400;\">f\u00fcr Fagott, Horn, Trompete, Posaune und Tuba<\/span><\/p>\n<p><b>Rapha\u00eblle Aoun<\/b><span style=\"font-weight: 400;\"> \u2013 <\/span><i><span style=\"font-weight: 400;\">\u00e9volution fabriqu\u00e9e<\/span><\/i><span style=\"font-weight: 400;\"> (2025)<br \/>\n<\/span><span style=\"font-weight: 400;\">f\u00fcr Kontraforte, Horn, Trompete und Posaune<\/span><\/p>\n<p><b>Eda Er<\/b><span style=\"font-weight: 400;\"> \u2013 <\/span><i><span style=\"font-weight: 400;\">Submerged Disco<\/span><\/i><span style=\"font-weight: 400;\"> (2025)<br \/>\n<\/span><span style=\"font-weight: 400;\">f\u00fcr Horn, Trompete, Posaune und Tuba<\/span><\/p>\n<p><b>Christoffer H\u00e5\u00e5rd<\/b><span style=\"font-weight: 400;\"> \u2013 <\/span><i><span style=\"font-weight: 400;\">Knallerbsen<\/span><\/i><span style=\"font-weight: 400;\"> (2025)<br \/>\n<\/span><span style=\"font-weight: 400;\">f\u00fcr Horn, Trompete, Posaune und Tuba<\/span><span style=\"font-weight: 400;\">\u00a0<\/span><\/p>\n<p><b>Sandra Boss<\/b><span style=\"font-weight: 400;\"> \u2013 <\/span><i><span style=\"font-weight: 400;\">Let Me Eat You<\/span><\/i><span style=\"font-weight: 400;\"> (2025)<br \/>\n<\/span><span style=\"font-weight: 400;\">f\u00fcr Horn, Posaune, Tuba<\/span><\/p>\n<p><span style=\"font-weight: 400;\">Pause<\/span><\/p>\n<p><b>Alireza Seyedi<\/b><span style=\"font-weight: 400;\"> \u2013 <\/span><i><span style=\"font-weight: 400;\">Widerspruch<\/span><\/i><span style=\"font-weight: 400;\"> (2025)<br \/>\n<\/span><span style=\"font-weight: 400;\">f\u00fcr Horn, Trompete, Posaune und Tuba<\/span><\/p>\n<p><b>Kyungjin Lim<\/b><span style=\"font-weight: 400;\"> \u2013 <\/span><i><span style=\"font-weight: 400;\">ernsT ist das leBen<\/span><\/i><span style=\"font-weight: 400;\"> (2025)<br \/>\n<\/span><span style=\"font-weight: 400;\">f\u00fcr Fagott, Horn, Trompete, Posaune und Tuba<\/span><\/p>\n<p><b>Yifan Guo<\/b><span style=\"font-weight: 400;\"> \u2013 <\/span><i><span style=\"font-weight: 400;\">Eight Seas <\/span><\/i><span style=\"font-weight: 400;\">(2025)<br \/>\n<\/span><span style=\"font-weight: 400;\">f\u00fcr Horn, Trompete, Posaune und Euphonium<\/span><\/p>\n<p><b>Nigar Suleyman<\/b><span style=\"font-weight: 400;\"> \u2013 <\/span><i><span style=\"font-weight: 400;\">a short piece about the last human breath <\/span><\/i><span style=\"font-weight: 400;\">(2025)<br \/>\n<\/span><span style=\"font-weight: 400;\">f\u00fcr Horn, Trompete, Posaune und Tuba<\/span><\/p>\n<p><b>Aaron Zimmer<\/b><span style=\"font-weight: 400;\"> \u2013<\/span><i><span style=\"font-weight: 400;\"> Of an Unwelcome Stillness<\/span><\/i><span style=\"font-weight: 400;\"> (2025)<br \/>\n<\/span><span style=\"font-weight: 400;\">f\u00fcr Fagott, Horn, Trompete, Posaune und Tuba<\/span><\/p>\n<p><span style=\"font-weight: 400;\">Pause<\/span><\/p>\n<p><b>Tianyu Zou<\/b><span style=\"font-weight: 400;\"> \u2013 <\/span><i><span style=\"font-weight: 400;\">\u00c9tude for Amplified Trumpet and Electronics<\/span><\/i><span style=\"font-weight: 400;\"> (2025)<br \/>\n<\/span><span style=\"font-weight: 400;\">f\u00fcr Trompete solo<\/span><\/p>\n<p><b>Klara Mlakar<\/b><span style=\"font-weight: 400;\"> \u2013 <\/span><i><span style=\"font-weight: 400;\">Tell Me a Secret<\/span><\/i><span style=\"font-weight: 400;\"> (2025)<br \/>\n<\/span><span style=\"font-weight: 400;\">f\u00fcr Horn, Trompete, Posaune und Tuba<\/span><\/p>\n<p><b>Alisa Kobzar<\/b><span style=\"font-weight: 400;\"> \u2013 <\/span><i><span style=\"font-weight: 400;\">architect of lies<\/span><\/i><span style=\"font-weight: 400;\"> (2025)<br \/>\n<\/span><span style=\"font-weight: 400;\">f\u00fcr Fagott, Horn, Trompete, Posaune und Tuba<\/span><\/p>\n<p><b>Hannah A. Barnes<\/b><span style=\"font-weight: 400;\"> \u2013<\/span><i><span style=\"font-weight: 400;\"> in perpetuum<\/span><\/i><span style=\"font-weight: 400;\"> (fragment) (2025)<br \/>\n<\/span><span style=\"font-weight: 400;\">f\u00fcr Horn, Trompete und Posaune<\/span><\/p>\n<p><b>Eunhye Joo <\/b><span style=\"font-weight: 400;\">\u2013 <\/span><i><span style=\"font-weight: 400;\">Eine kleine Wunderkerze <\/span><\/i><span style=\"font-weight: 400;\">(2025)<br \/>\n<\/span><span style=\"font-weight: 400;\">f\u00fcr Fagott, Horn, Trompete, Posaune und Tuba<\/span><span style=\"font-weight: 400;\">\u00a0<\/span><\/p>\n<p><span style=\"font-weight: 400;\">\u00a0<\/span><\/p>\n<p><span style=\"font-weight: 400;\">Ronan Whittern, Fagott<br \/>\n<\/span><a href=\"https:\/\/www.musikfabrik.eu\/de\/ensemble\/mitglieder\/christine-chapman\/\"><b>Christine Chapman<\/b><\/a><b>, <\/b><span style=\"font-weight: 400;\">Horn<br \/>\n<\/span><a href=\"https:\/\/www.musikfabrik.eu\/de\/ensemble\/mitglieder\/marco-blaauw\/\"><b>Marco Blaauw<\/b><\/a><span style=\"font-weight: 400;\">, Trompete<br \/>\n<\/span><a href=\"http:\/\/www.stephenmenotti.com\/\"><b>Stephen Menotti<\/b><\/a><b>, <\/b><span style=\"font-weight: 400;\">Posaune<br \/>\n<\/span><a href=\"https:\/\/www.musikfabrik.eu\/de\/ensemble\/mitglieder\/maxime-morel\/\"><b>Maxime Morel<\/b><\/a><b>, <\/b><span style=\"font-weight: 400;\">Tuba<\/span><\/p>\n<p>&nbsp;<\/p>\n            <\/div>\r\n        <\/div>\r\n    <\/div>\r\n<\/div>\r\n<div class=\"ce ce-headline \">\n    <div class=\"container\">\n        <div class=\"row\">\n            <div class=\"col\">\n\t\t\t\t<h1>Biographien<\/h1>            <\/div>\n        <\/div>\n    <\/div>\n<\/div>\n<div class=\"ce ce-accordion \">\n  <div class=\"container\">\n    <div class=\"row\">\n      <div class=\"col\">\n        <div class=\"accordion\"><div class=\"accordion-panel\" data-panel-id=\"parsa-zandi\">\n    <div class=\"accordion-headline\">\n        <div class=\"accordion-headline-inner\">\n            <h4>Parsa Zandi<span class=\"accordion-toggle-btn\"><\/span><\/h4>\n        <\/div>\n    <\/div>\n    <div class=\"accordion-content\">\n        <div class=\"accordion-content-inner\"><div class=\"ce ce-onecol \" >\r\n    <div class=\"container\">\r\n        <div class=\"row\">\r\n            <div class=\"col\">\r\n\t\t\t\t<p><span dir=\"ltr\" role=\"presentation\">Parsa Zandi wurde 2004 in Teheran, Iran, geboren. Er stu<\/span><span dir=\"ltr\" role=\"presentation\">dierte Komposition bei Mohammad H. Javaheri, Karen <\/span><span dir=\"ltr\" role=\"presentation\">Keyhani und Armin Sanayei im Iran. Im Alter von 17 Jah<\/span><span dir=\"ltr\" role=\"presentation\">ren wurde er an der Universit\u00e4t f\u00fcr Musik und darstellen<\/span><span dir=\"ltr\" role=\"presentation\">de Kunst in Graz, \u00d6sterreich, aufgenommen und studierte <\/span><span dir=\"ltr\" role=\"presentation\">zwei Jahre lang Komposition bei Beat Furrer. Zurzeit stu<\/span><span dir=\"ltr\" role=\"presentation\">diert er unter der Leitung von Annesley Black. <\/span><span dir=\"ltr\" role=\"presentation\">Parsa hatte Kompositionsunterricht bei Komponisten wie <\/span><span dir=\"ltr\" role=\"presentation\">Franck <\/span><span dir=\"ltr\" role=\"presentation\">Bedrossian, <\/span><span dir=\"ltr\" role=\"presentation\">Clemens <\/span><span dir=\"ltr\" role=\"presentation\">Gadenst\u00e4tter, <\/span><span dir=\"ltr\" role=\"presentation\">Klaus <\/span><span dir=\"ltr\" role=\"presentation\">Lang, <\/span><span dir=\"ltr\" role=\"presentation\">Pierluigi Billone, Iris ter Schiphorst, Johannes Maria Staud, <\/span><span dir=\"ltr\" role=\"presentation\">Chaya Czernowin, Samir Odeh Tamimi und Mathias Hin<\/span><span dir=\"ltr\" role=\"presentation\">ke. <\/span><span dir=\"ltr\" role=\"presentation\">Seine Musik wurde von Ensembles wie dem Ensemble <\/span><span dir=\"ltr\" role=\"presentation\">Modern, dem Ensemble Zeitfluss, dem Ensemble f\u00fcr Neue <\/span><span dir=\"ltr\" role=\"presentation\">Musik und dem Roadrunner Trio in \u00d6sterreich, Deutsch<\/span><span dir=\"ltr\" role=\"presentation\">land, den Niederlanden, Irland, den USA, Kanada und Spa<\/span><span dir=\"ltr\" role=\"presentation\">nien aufgef\u00fchrt.<\/span><\/p>\n            <\/div>\r\n        <\/div>\r\n    <\/div>\r\n<\/div>\r\n<\/div><\/div><\/div><div class=\"accordion-panel\" data-panel-id=\"raphaelle-aoun\">\n    <div class=\"accordion-headline\">\n        <div class=\"accordion-headline-inner\">\n            <h4>Rapha\u00eblle Aoun<span class=\"accordion-toggle-btn\"><\/span><\/h4>\n        <\/div>\n    <\/div>\n    <div class=\"accordion-content\">\n        <div class=\"accordion-content-inner\"><div class=\"ce ce-onecol \" >\r\n    <div class=\"container\">\r\n        <div class=\"row\">\r\n            <div class=\"col\">\r\n\t\t\t\t<div class=\"p-pdf_iframe__page\" aria-label=\"Seite 4\" data-page-number=\"4\">\n<div class=\"textLayer\"><span dir=\"ltr\" role=\"presentation\">Rapha\u00eblle Aoun (*2004) ist eine libanesische Komponistin, <\/span><span dir=\"ltr\" role=\"presentation\">die in Berlin lebt. Immer auf der Suche nach neuen Kl\u00e4n<\/span><span dir=\"ltr\" role=\"presentation\">gen, strebt sie danach, innovative Klangtexturen und At<\/span>mosph\u00e4ren zu schaffen, wobei sie sich von ihrer Umgebung und der Natur inspirieren l\u00e4sst. Sie ist Preistr\u00e4gerin von Jugend Komponiert Deutschland und hat an zahlreichen <span dir=\"ltr\" role=\"presentation\">Meisterkursen teilgenommen. Ihre Musik wurde von En<\/span><span dir=\"ltr\" role=\"presentation\">sembles und renommierten Solisten aufgef\u00fchrt, unter an<\/span>derem vom Art Percussion Ensemble und Matthias Bauer. Seit 2024 studiert sie an der Hochschule f\u00fcr Musik \u201eHanns <span dir=\"ltr\" role=\"presentation\">Eisler\u201c in Berlin bei Prof. Hanspeter Kyburz im Bachelor<\/span>studiengang Komposition, im Anschluss an ihr Studium bei dem Komponisten Helmut Zapf.<\/div>\n<\/div>\n            <\/div>\r\n        <\/div>\r\n    <\/div>\r\n<\/div>\r\n<\/div><\/div><\/div><div class=\"accordion-panel\" data-panel-id=\"christoffer-haaaard\">\n    <div class=\"accordion-headline\">\n        <div class=\"accordion-headline-inner\">\n            <h4>Christoffer H\u00e5\u00e5rd<span class=\"accordion-toggle-btn\"><\/span><\/h4>\n        <\/div>\n    <\/div>\n    <div class=\"accordion-content\">\n        <div class=\"accordion-content-inner\"><div class=\"ce ce-onecol \" >\r\n    <div class=\"container\">\r\n        <div class=\"row\">\r\n            <div class=\"col\">\r\n\t\t\t\t<p>Christoffer H\u00e5\u00e5rd ist ein in Oslo lebender Komponist f\u00fcr zeitgen\u00f6ssische Musik. Seine Musik zeichnet sich oft durch die Erkundung musikalischer R\u00e4ume zwischen dem Verletzlichen und dem Banalen aus, in denen zerbrechliche und instabile bis hin zu abrasiven Kl\u00e4ngen leben, atmen, sich entwickeln und aussterben d\u00fcrfen &#8211; sowie spielerische musikalische Idiome, die gro\u00dfe Naivit\u00e4t zeigen, nebeneinander existieren.<br \/>\nGeboren 1997 in J\u00f6nk\u00f6ping, Schweden. Seit 2023 ist er im Masterstudiengang Komposition an der Norwegischen Akademie in Oslo eingeschrieben, wo er auch sein Bachelorstudium absolvierte. Davor studierte er an der Gotland School of Composition (Visby, Schweden) im Pre-Bachelor-Programm. Dar\u00fcber hinaus verbrachte er ein Jahr als ERASMUS-Austauschstudent an der Hochschule f\u00fcr Musik Carl Maria von Weber in Dresden, Deutschland. Zu seinen fr\u00fcheren Kompositionslehrern geh\u00f6ren u. a. Asbj\u00f8rn Schaathun, Eivind Buene, Mark Andre, Trond Reinholdtsen, Stefan Prins und Per M\u00e5rtensson. Au\u00dferdem erhielt er Unterricht und Meisterkurse u. a. von Chaya Czernowin, Manos Tsangaris, George Lewis, Carola Bauckholt und Lisa Streich.<\/p>\n            <\/div>\r\n        <\/div>\r\n    <\/div>\r\n<\/div>\r\n<\/div><\/div><\/div><div class=\"accordion-panel\" data-panel-id=\"sandra-boss\">\n    <div class=\"accordion-headline\">\n        <div class=\"accordion-headline-inner\">\n            <h4>Sandra Boss<span class=\"accordion-toggle-btn\"><\/span><\/h4>\n        <\/div>\n    <\/div>\n    <div class=\"accordion-content\">\n        <div class=\"accordion-content-inner\"><div class=\"ce ce-onecol \" >\r\n    <div class=\"container\">\r\n        <div class=\"row\">\r\n            <div class=\"col\">\r\n\t\t\t\t<p><span dir=\"ltr\" role=\"presentation\">Sandra Boss ist eine in D\u00e4nemark lebende Komponistin <\/span><span dir=\"ltr\" role=\"presentation\">und Performerin, die im Spannungsfeld zwischen Instru<\/span><span dir=\"ltr\" role=\"presentation\">mentalmusik, <\/span><span dir=\"ltr\" role=\"presentation\">Elektronik, <\/span><span dir=\"ltr\" role=\"presentation\">Installation <\/span><span dir=\"ltr\" role=\"presentation\">und <\/span><span dir=\"ltr\" role=\"presentation\">Performance <\/span><span dir=\"ltr\" role=\"presentation\">arbeitet. Ihr kompositorischer Tonfall ist ausgesprochen <\/span><span dir=\"ltr\" role=\"presentation\">forschend mit einem starken Interesse an den klanglichen <\/span><span dir=\"ltr\" role=\"presentation\">M\u00f6glichkeiten von Instrumenten. Ein wichtiges Element <\/span><span dir=\"ltr\" role=\"presentation\">ihrer Arbeit ist der physische Dialog mit den Instrumen<\/span><span dir=\"ltr\" role=\"presentation\">ten, wobei die Instrumente durch externe Objekte oder Mo<\/span><span dir=\"ltr\" role=\"presentation\">difikationen verbogen werden. <\/span><span dir=\"ltr\" role=\"presentation\">Sandra Boss hat einen Hintergrund in klassischer Musik <\/span><span dir=\"ltr\" role=\"presentation\">und studierte sp\u00e4ter elektronische Musik an der Royal <\/span><span dir=\"ltr\" role=\"presentation\">Academy of Music in D\u00e4nemark. Sie hat auch einen k\u00fcnst<\/span><span dir=\"ltr\" role=\"presentation\">lerisch orientierten Doktortitel \u00fcber Klangkunst von der <\/span><span dir=\"ltr\" role=\"presentation\">Universit\u00e4t Aarhus, D\u00e4nemark. <\/span><\/p>\n            <\/div>\r\n        <\/div>\r\n    <\/div>\r\n<\/div>\r\n<\/div><\/div><\/div><div class=\"accordion-panel\" data-panel-id=\"alireza-seyedi\">\n    <div class=\"accordion-headline\">\n        <div class=\"accordion-headline-inner\">\n            <h4>Alireza Seyedi<span class=\"accordion-toggle-btn\"><\/span><\/h4>\n        <\/div>\n    <\/div>\n    <div class=\"accordion-content\">\n        <div class=\"accordion-content-inner\"><div class=\"ce ce-onecol \" >\r\n    <div class=\"container\">\r\n        <div class=\"row\">\r\n            <div class=\"col\">\r\n\t\t\t\t<div class=\"p-pdf_iframe__page\" aria-label=\"Seite 8\" data-page-number=\"8\">\n<div class=\"textLayer\"><span dir=\"ltr\" role=\"presentation\">Der 2001 geborene Komponist Alireza Seyedi repr\u00e4sentiert <\/span><span dir=\"ltr\" role=\"presentation\">die neue Generation der zeitgen\u00f6ssischen Musik im Iran. <\/span><span dir=\"ltr\" role=\"presentation\">In seinen Werken sind Spuren der traditionellen Musik <\/span><span dir=\"ltr\" role=\"presentation\">und der regionalen Musik Irans zu erkennen, die in das Ge<\/span><span dir=\"ltr\" role=\"presentation\">webe der zeitgen\u00f6ssischen Musik eingewoben sind. Diese <\/span><span dir=\"ltr\" role=\"presentation\">Pr\u00e4senz ist manchmal klar und greifbar, manchmal aber <\/span><span dir=\"ltr\" role=\"presentation\">auch sehr abstrakt und tiefgr\u00fcndig. Der Einfluss der Kom<\/span><span dir=\"ltr\" role=\"presentation\">positionskultur der elektronischen Musik ist in seinen Wer<\/span><span dir=\"ltr\" role=\"presentation\">ken immer sp\u00fcrbar, sei es durch die direkte Pr\u00e4senz der <\/span><span dir=\"ltr\" role=\"presentation\">Elektronik oder durch die Inspiration durch deren kompo<\/span><span dir=\"ltr\" role=\"presentation\">sitorische Ans\u00e4tze.<\/span><br role=\"presentation\" \/><span dir=\"ltr\" role=\"presentation\">Er arbeitet mit Kl\u00e4ngen wie mit verschiedenen Farben auf <\/span><span dir=\"ltr\" role=\"presentation\">der Palette eines Malers, wobei er die Beziehungen zwi<\/span><span dir=\"ltr\" role=\"presentation\">schen ihnen sorgf\u00e4ltig beobachtet und sie in seinen menta<\/span><span dir=\"ltr\" role=\"presentation\">len Formen und Strukturen aufl\u00f6st. Diese koh\u00e4renten und <\/span><span dir=\"ltr\" role=\"presentation\">komplizierten <\/span><span dir=\"ltr\" role=\"presentation\">Strukturen <\/span><span dir=\"ltr\" role=\"presentation\">formen <\/span><span dir=\"ltr\" role=\"presentation\">seine <\/span><span dir=\"ltr\" role=\"presentation\">Kompositionen <\/span><span dir=\"ltr\" role=\"presentation\">und lassen das St\u00fcck wie eine Skulptur aus einem massi<\/span><span dir=\"ltr\" role=\"presentation\">ven Steinblock entstehen. <\/span><span dir=\"ltr\" role=\"presentation\">Seyedi ist ein Musikstudent in Teheran. Seine Werke wur<\/span><span dir=\"ltr\" role=\"presentation\">den bei verschiedenen Festivals und Veranstaltungen aus<\/span><span dir=\"ltr\" role=\"presentation\">gezeichnet, darunter Mixtur Barcelona, der Spectro New <\/span><span dir=\"ltr\" role=\"presentation\">Music Center Competition, das Horizon \u00c9tendu Compo<\/span><span dir=\"ltr\" role=\"presentation\">sition Academy Stipendium, Unerh\u00f6rte Musik Berlin, der <\/span><span dir=\"ltr\" role=\"presentation\">Alfred Schnittke International Composition Competition <\/span><span dir=\"ltr\" role=\"presentation\">in <\/span><span dir=\"ltr\" role=\"presentation\">Lviv, <\/span><span dir=\"ltr\" role=\"presentation\">die <\/span><span dir=\"ltr\" role=\"presentation\">International <\/span><span dir=\"ltr\" role=\"presentation\">Computer <\/span><span dir=\"ltr\" role=\"presentation\">Music <\/span><span dir=\"ltr\" role=\"presentation\">Conference <\/span><span dir=\"ltr\" role=\"presentation\">(ICMC), das Tehran International Electronic Music Festi<\/span><span dir=\"ltr\" role=\"presentation\">val (TIEMF 2024), die Semaine Internationale de la Musi<\/span><span dir=\"ltr\" role=\"presentation\">que \u00c9lectroacoustique &amp; de la Cr\u00e9ativit\u00e9 und das Contempo<\/span><span dir=\"ltr\" role=\"presentation\">rary Music Laboratory an der European University Cyprus <\/span><span dir=\"ltr\" role=\"presentation\">und andere.<\/span><\/div>\n<\/div>\n            <\/div>\r\n        <\/div>\r\n    <\/div>\r\n<\/div>\r\n<\/div><\/div><\/div><div class=\"accordion-panel\" data-panel-id=\"kyungjin-lim\">\n    <div class=\"accordion-headline\">\n        <div class=\"accordion-headline-inner\">\n            <h4>Kyungjin Lim<span class=\"accordion-toggle-btn\"><\/span><\/h4>\n        <\/div>\n    <\/div>\n    <div class=\"accordion-content\">\n        <div class=\"accordion-content-inner\"><div class=\"ce ce-onecol \" >\r\n    <div class=\"container\">\r\n        <div class=\"row\">\r\n            <div class=\"col\">\r\n\t\t\t\t<div class=\"p-pdf_iframe__page\" aria-label=\"Seite 9\" data-page-number=\"9\">\n<div class=\"textLayer\"><span dir=\"ltr\" role=\"presentation\">Kyungjin Lim wurde 1991 in Seoul, S\u00fcdkorea, geboren. Seine <\/span><span dir=\"ltr\" role=\"presentation\">musikalische Grundausbildung in den F\u00e4chern Klavier, Mu<\/span><span dir=\"ltr\" role=\"presentation\">siktheorie und Komposition erhielt er von Frau Sunhee Cho. <\/span><span dir=\"ltr\" role=\"presentation\">Von 2011 bis 2015 studierte er Komposition bei Prof. Kyung<\/span><span dir=\"ltr\" role=\"presentation\">mee Rhee an der Hanyang University (Collage of Music). Von <\/span><span dir=\"ltr\" role=\"presentation\">2018 bis 2021 studierte er Komposition (Master of Music) an der <\/span><span dir=\"ltr\" role=\"presentation\">HfMDK Mannheim bei Prof. Sidney Corbett.<\/span><\/div>\n<\/div>\n<div class=\"p-pdf_iframe__page\" aria-label=\"Seite 10\" data-page-number=\"10\">\n<div class=\"textLayer\"><span dir=\"ltr\" role=\"presentation\">Er arbeitete mit verschiedenen Ensembles und Orchestern zu<\/span><span dir=\"ltr\" role=\"presentation\">sammen, u.a. mit dem Ensemble SONOR XXI, dem Ensemb<\/span><span dir=\"ltr\" role=\"presentation\">le DCMF, dem Ensemble TIMF, dem Ensemble E-MEX, Two <\/span><span dir=\"ltr\" role=\"presentation\">Button Brass, dem Ensemble Mosaic, dem Ensemble Reso<\/span><span dir=\"ltr\" role=\"presentation\">nanz, dem Motocontrario Ensemble, dem Ensemble Musikfa<\/span><span dir=\"ltr\" role=\"presentation\">brik, den Chungbuk Philharmonikern, dem National Hunga<\/span><span dir=\"ltr\" role=\"presentation\">rian Radio Orchestra, den Symphonikern Hamburg und dem <\/span><span dir=\"ltr\" role=\"presentation\">Sinfonieorchester TonArt Heidelberg. 2019 erhielt er einen <\/span><span dir=\"ltr\" role=\"presentation\">Kompositionsauftrag von der St\u00e4dtischen B\u00fchnen gGmbH Os<\/span><span dir=\"ltr\" role=\"presentation\">nabr\u00fcck f\u00fcr seine erste Oper \u201eDas Ebenbild\u201c, die im Rahmen <\/span><span dir=\"ltr\" role=\"presentation\">der \u201eSpieltreibe 8\u201c 2019 vom Theater Osnabr\u00fcck uraufgef\u00fchrt <\/span><span dir=\"ltr\" role=\"presentation\">wurde. Au\u00dferdem erhielt er den Verlagspreis beim 1. Impron<\/span><span dir=\"ltr\" role=\"presentation\">ta Ensemble Kompositionswettbewerb. Seine Werke sind bei <\/span><span dir=\"ltr\" role=\"presentation\">Impronta Edition UG und Babelscores erschienen. Herr Lim <\/span><span dir=\"ltr\" role=\"presentation\">nahm an zahlreichen Meisterkursen und Festivals teil, wie <\/span><span dir=\"ltr\" role=\"presentation\">dem DCMF (Korea), Composition Masterclass Synthesis (Po<\/span><span dir=\"ltr\" role=\"presentation\">len), SCBA (Schweden), Impuls Festival (\u00d6sterreich), She Lives <\/span><span dir=\"ltr\" role=\"presentation\">(Ungarn), IDEA (Rom) oder den Darmst\u00e4dter Ferienkursen f\u00fcr <\/span><span dir=\"ltr\" role=\"presentation\">Neue Musik (Deutschland), wo seine St\u00fccke auch aufgef\u00fchrt <\/span><span dir=\"ltr\" role=\"presentation\">wurden. <\/span><span dir=\"ltr\" role=\"presentation\">Seit 2015 ist er Generalmusikdirektor des Ensemble SONOR <\/span><span dir=\"ltr\" role=\"presentation\">XXI und studiert seit 2023 Komposition (Konzertexamen) an <\/span><span dir=\"ltr\" role=\"presentation\">der HfMT Hamburg bei Prof. Gordon Kampe.<\/span><\/div>\n<\/div>\n            <\/div>\r\n        <\/div>\r\n    <\/div>\r\n<\/div>\r\n<\/div><\/div><\/div><div class=\"accordion-panel\" data-panel-id=\"yifan-guo\">\n    <div class=\"accordion-headline\">\n        <div class=\"accordion-headline-inner\">\n            <h4>Yifan Guo<span class=\"accordion-toggle-btn\"><\/span><\/h4>\n        <\/div>\n    <\/div>\n    <div class=\"accordion-content\">\n        <div class=\"accordion-content-inner\"><div class=\"ce ce-onecol \" >\r\n    <div class=\"container\">\r\n        <div class=\"row\">\r\n            <div class=\"col\">\r\n\t\t\t\t<p><span dir=\"ltr\" role=\"presentation\">Yifan Guo ist ein chinesischer Komponist, Performer und Inter<\/span><span dir=\"ltr\" role=\"presentation\">media-K\u00fcnstler, der sich auf die innovative Erforschung mehrdi<\/span><span dir=\"ltr\" role=\"presentation\">mensionaler Musikwahrnehmungserfahrungen spezialisiert hat <\/span><span dir=\"ltr\" role=\"presentation\">und dabei sowohl klangliche als auch nicht-klangliche Elemente <\/span><span dir=\"ltr\" role=\"presentation\">in seinen Performances einsetzt. Mit einer Reihe von komposito<\/span><span dir=\"ltr\" role=\"presentation\">rischen Praktiken, die von Musiktheater \u00fcber akustische Musik <\/span><span dir=\"ltr\" role=\"presentation\">und elektroakustische Musik bis hin zu Klanginstallationen und <\/span><span dir=\"ltr\" role=\"presentation\">intermedialen Performances reichen, m\u00f6chte Guo einen Beitrag <\/span><span dir=\"ltr\" role=\"presentation\">zur innovativen Landschaft der B\u00fchnenwerke leisten. <\/span><span dir=\"ltr\" role=\"presentation\">Als Verfechter zeitgen\u00f6ssischer Musik und Musiktechnologie gibt <\/span><span dir=\"ltr\" role=\"presentation\">Guo sein Fachwissen durch Vortr\u00e4ge und Workshops an Instituti<\/span><span dir=\"ltr\" role=\"presentation\">onen wie dem Sichuan Conservatory of Music, dem Xinghai Con<\/span><span dir=\"ltr\" role=\"presentation\">servatory of Music, der South China Normal University, der East <\/span><span dir=\"ltr\" role=\"presentation\">China Normal University und dem Guangzhou DaoHe Institute <\/span><span dir=\"ltr\" role=\"presentation\">weiter. Au\u00dferdem unterrichtet er regelm\u00e4\u00dfig am X-Institute in <\/span><span dir=\"ltr\" role=\"presentation\">Shenzhen.<\/span><\/p>\n            <\/div>\r\n        <\/div>\r\n    <\/div>\r\n<\/div>\r\n<\/div><\/div><\/div><div class=\"accordion-panel\" data-panel-id=\"nigar-suleyman\">\n    <div class=\"accordion-headline\">\n        <div class=\"accordion-headline-inner\">\n            <h4>Nigar Suleyman<span class=\"accordion-toggle-btn\"><\/span><\/h4>\n        <\/div>\n    <\/div>\n    <div class=\"accordion-content\">\n        <div class=\"accordion-content-inner\"><div class=\"ce ce-onecol \" >\r\n    <div class=\"container\">\r\n        <div class=\"row\">\r\n            <div class=\"col\">\r\n\t\t\t\t<p>Nigar Suleyman wurde 1999 in Aserbaidschan geboren. Sie studierte Komposition an der Musikakademie in Baku und an der Estnischen Akademie f\u00fcr Musik und Theater und hat Kompositionen f\u00fcr Klavier solo, Klaviertrio, Streichquartett, Kammerorchester und Symphonieorchester geschrieben. Sie hat mit dem Staatlichen Symphonieorchester Aserbaidschan, dem Cadenza Contemporary Orchestra und dem Moscow Contemporary Music Ensemble zusammengearbeitet. Sie hat den ersten Preis beim WBM-Wettbewerb (Polen, 2024), den ersten Preis beim \u201eStars&#8216;-Projekt\u201c (Russland, 2015) und den zweiten Preis beim Internationalen Jazzfestival (Aserbaidschan, 2019) gewonnen. Sie erhielt ein Diplom in \u201eNizami-Romantik\u201c (Aserbaidschan, 2021) und hat an Seminaren mit Komponisten wie Alexander Khubeev, Einnike Leppik, Anton Safronov und Tammo Summer teilgenommen. Zu den Festivals, an denen sie teilgenommen hat, geh\u00f6ren das Uzeyir Hajibeyli Festival (Aserbaidschan), das Uudislooming Festival (Estland) und das 14. internationale Tschaikowsky Festival (Russland). Sie hat auch mit Filmregisseuren zusammengearbeitet, was zur Komposition von Filmmusik f\u00fcr \u00fcber zehn Kurzfilme und zwei Fernsehserien f\u00fchrte.<\/p>\n            <\/div>\r\n        <\/div>\r\n    <\/div>\r\n<\/div>\r\n<\/div><\/div><\/div><div class=\"accordion-panel\" data-panel-id=\"aaron-zimmer\">\n    <div class=\"accordion-headline\">\n        <div class=\"accordion-headline-inner\">\n            <h4>Aaron Zimmer<span class=\"accordion-toggle-btn\"><\/span><\/h4>\n        <\/div>\n    <\/div>\n    <div class=\"accordion-content\">\n        <div class=\"accordion-content-inner\"><div class=\"ce ce-onecol \" >\r\n    <div class=\"container\">\r\n        <div class=\"row\">\r\n            <div class=\"col\">\r\n\t\t\t\t<p><span dir=\"ltr\" role=\"presentation\">Aaron Zimmer ist ein Komponist, der sich der Erschaffung be<\/span><span dir=\"ltr\" role=\"presentation\">deutungsvoller <\/span><span dir=\"ltr\" role=\"presentation\">und <\/span><span dir=\"ltr\" role=\"presentation\">meditativer <\/span><span dir=\"ltr\" role=\"presentation\">musikalischer <\/span><span dir=\"ltr\" role=\"presentation\">Erfahrungen <\/span><span dir=\"ltr\" role=\"presentation\">verschrieben hat. Seine Kompositionen, die von Ensembles wie <\/span><span dir=\"ltr\" role=\"presentation\">ICE, JACK Quartet und Musikfabrik aufgef\u00fchrt werden, erkun<\/span><span dir=\"ltr\" role=\"presentation\">den Klang, Zeit und Ort. Als Mitbegr\u00fcnder von Bent Wrench <\/span><span dir=\"ltr\" role=\"presentation\">setzt er sich f\u00fcr neue Musik ein, indem er innovative Werke in <\/span><span dir=\"ltr\" role=\"presentation\">Auftrag gibt. Aaron ist auch ein versierter Interpret und Ton<\/span><span dir=\"ltr\" role=\"presentation\">techniker, der klassische K\u00fcnstler in LA, DC und Baltimore <\/span><span dir=\"ltr\" role=\"presentation\">aufnimmt. Er hat einen M.M. in Komposition von Peabody und <\/span><span dir=\"ltr\" role=\"presentation\">strebt einen Master in Recording Arts an.<\/span><\/p>\n            <\/div>\r\n        <\/div>\r\n    <\/div>\r\n<\/div>\r\n<\/div><\/div><\/div><div class=\"accordion-panel\" data-panel-id=\"tianyu-zou\">\n    <div class=\"accordion-headline\">\n        <div class=\"accordion-headline-inner\">\n            <h4>Tianyu Zou<span class=\"accordion-toggle-btn\"><\/span><\/h4>\n        <\/div>\n    <\/div>\n    <div class=\"accordion-content\">\n        <div class=\"accordion-content-inner\"><div class=\"ce ce-onecol \" >\r\n    <div class=\"container\">\r\n        <div class=\"row\">\r\n            <div class=\"col\">\r\n\t\t\t\t<p><span dir=\"ltr\" role=\"presentation\">Tianyu Zou ist ein Musikproduzent und Komponist, der sich <\/span><span dir=\"ltr\" role=\"presentation\">haupts\u00e4chlich mit Klang, Performance, Installation und Multi<\/span><span dir=\"ltr\" role=\"presentation\">media besch\u00e4ftigt. <\/span><span dir=\"ltr\" role=\"presentation\">In den letzten Jahren waren seine Projekte bei Festivals wie <\/span><span dir=\"ltr\" role=\"presentation\">Liminal (Salzburg), R\u00fcmlingen und dem Lucerne Festival zu se<\/span><span dir=\"ltr\" role=\"presentation\">hen. <\/span><\/p>\n            <\/div>\r\n        <\/div>\r\n    <\/div>\r\n<\/div>\r\n<\/div><\/div><\/div><div class=\"accordion-panel\" data-panel-id=\"klara-mlakar\">\n    <div class=\"accordion-headline\">\n        <div class=\"accordion-headline-inner\">\n            <h4>Klara Mlakar<span class=\"accordion-toggle-btn\"><\/span><\/h4>\n        <\/div>\n    <\/div>\n    <div class=\"accordion-content\">\n        <div class=\"accordion-content-inner\"><div class=\"ce ce-onecol \" >\r\n    <div class=\"container\">\r\n        <div class=\"row\">\r\n            <div class=\"col\">\r\n\t\t\t\t<div class=\"p-pdf_iframe__page\" aria-label=\"Seite 14\" data-page-number=\"14\">\n<div class=\"textLayer\"><span dir=\"ltr\" role=\"presentation\">Klara Mlakar (geb. 1999) ist eine in Deutschland lebende <\/span><span dir=\"ltr\" role=\"presentation\">slowenische Komponistin, die sich mit der menschlichen <\/span><span dir=\"ltr\" role=\"presentation\">Stimme und den subtilen musikalischen Strukturen und <\/span><span dir=\"ltr\" role=\"presentation\">M\u00f6glichkeiten <\/span><span dir=\"ltr\" role=\"presentation\">von <\/span><span dir=\"ltr\" role=\"presentation\">Instrumenten. <\/span><span dir=\"ltr\" role=\"presentation\">Wiederkehrende <\/span><span dir=\"ltr\" role=\"presentation\">wie<\/span><span dir=\"ltr\" role=\"presentation\">derkehrende Motive in ihrer Musik sind die Erforschung <\/span><span dir=\"ltr\" role=\"presentation\">von Wahrnehmung und Verst\u00e4ndnis sowie die Kontempla<\/span><span dir=\"ltr\" role=\"presentation\">tion des Erhabenen. Ihre Inspiration sch\u00f6pft sie oft aus ver<\/span><span dir=\"ltr\" role=\"presentation\">schiedenen Quellen, darunter bildende Kunst, Poesie und <\/span><span dir=\"ltr\" role=\"presentation\">Psychologie.<\/span><br role=\"presentation\" \/><span dir=\"ltr\" role=\"presentation\">Sie <\/span><span dir=\"ltr\" role=\"presentation\">hat <\/span><span dir=\"ltr\" role=\"presentation\">mit <\/span><span dir=\"ltr\" role=\"presentation\">zahlreichen <\/span><span dir=\"ltr\" role=\"presentation\">renommierten <\/span><span dir=\"ltr\" role=\"presentation\">Ensembles <\/span><span dir=\"ltr\" role=\"presentation\">und <\/span><span dir=\"ltr\" role=\"presentation\">Organisationen <\/span><span dir=\"ltr\" role=\"presentation\">zusammengearbeitet, <\/span><span dir=\"ltr\" role=\"presentation\">darunter <\/span><span dir=\"ltr\" role=\"presentation\">En<\/span><span dir=\"ltr\" role=\"presentation\">semble <\/span><span dir=\"ltr\" role=\"presentation\">Recherche, <\/span><span dir=\"ltr\" role=\"presentation\">Slowind <\/span><span dir=\"ltr\" role=\"presentation\">Ensemble, <\/span><span dir=\"ltr\" role=\"presentation\">Pony <\/span><span dir=\"ltr\" role=\"presentation\">Says <\/span><span dir=\"ltr\" role=\"presentation\">Trio, <\/span><span dir=\"ltr\" role=\"presentation\">Badische <\/span><span dir=\"ltr\" role=\"presentation\">Staatskapelle <\/span><span dir=\"ltr\" role=\"presentation\">Karlsruhe <\/span><span dir=\"ltr\" role=\"presentation\">und <\/span><span dir=\"ltr\" role=\"presentation\">dem <\/span><span dir=\"ltr\" role=\"presentation\">Kammer<\/span><span dir=\"ltr\" role=\"presentation\">streichorchester <\/span><span dir=\"ltr\" role=\"presentation\">der <\/span><span dir=\"ltr\" role=\"presentation\">Slowenischen <\/span><span dir=\"ltr\" role=\"presentation\">Philharmonie <\/span><span dir=\"ltr\" role=\"presentation\">unter <\/span><span dir=\"ltr\" role=\"presentation\">anderem. <\/span><span dir=\"ltr\" role=\"presentation\">Ihre <\/span><span dir=\"ltr\" role=\"presentation\">St\u00fccke <\/span><span dir=\"ltr\" role=\"presentation\">wurden <\/span><span dir=\"ltr\" role=\"presentation\">bei <\/span><span dir=\"ltr\" role=\"presentation\">renommierten <\/span><span dir=\"ltr\" role=\"presentation\">Fes<\/span><span dir=\"ltr\" role=\"presentation\">tivals <\/span><span dir=\"ltr\" role=\"presentation\">aufgef\u00fchrt, <\/span><span dir=\"ltr\" role=\"presentation\">darunter <\/span><span dir=\"ltr\" role=\"presentation\">ZeitGenuss, <\/span><span dir=\"ltr\" role=\"presentation\">R!SK, <\/span><span dir=\"ltr\" role=\"presentation\">das <\/span><span dir=\"ltr\" role=\"presentation\">Lju<\/span><span dir=\"ltr\" role=\"presentation\">bljana <\/span><span dir=\"ltr\" role=\"presentation\">New <\/span><span dir=\"ltr\" role=\"presentation\">Music <\/span><span dir=\"ltr\" role=\"presentation\">Forum, <\/span><span dir=\"ltr\" role=\"presentation\">das <\/span><span dir=\"ltr\" role=\"presentation\">Taiwan <\/span><span dir=\"ltr\" role=\"presentation\">International <\/span><span dir=\"ltr\" role=\"presentation\">New <\/span><span dir=\"ltr\" role=\"presentation\">Music <\/span><span dir=\"ltr\" role=\"presentation\">Festival <\/span><span dir=\"ltr\" role=\"presentation\">und <\/span><span dir=\"ltr\" role=\"presentation\">die <\/span><span dir=\"ltr\" role=\"presentation\">Biennale <\/span><span dir=\"ltr\" role=\"presentation\">Chor <\/span><span dir=\"ltr\" role=\"presentation\">Aachen. <\/span><span dir=\"ltr\" role=\"presentation\">Derzeit absolviert sie ein Solistenexamen in Komposition <\/span><span dir=\"ltr\" role=\"presentation\">an der Hochschule f\u00fcr Musik Karlsruhe (an der Hochschu<\/span><span dir=\"ltr\" role=\"presentation\">le f\u00fcr Musik Karlsruhe, wo sie zuvor ihr Masterstudium <\/span><span dir=\"ltr\" role=\"presentation\">unter der Leitung von Prof. Markus Hechtle und Prof. h.c. <\/span><span dir=\"ltr\" role=\"presentation\">Dr. Wolfgang Rihm absolvierte. Sie erwarb ihren Bachelor-<\/span><span dir=\"ltr\" role=\"presentation\">Abschluss Bachelor-Abschluss in Komposition und Musik<\/span><span dir=\"ltr\" role=\"presentation\">theorie an der Musikakademie Ljubljana (Slowenien) in der <\/span><span dir=\"ltr\" role=\"presentation\">der Klasse von Prof. Vito \u017duraj.<\/span><\/div>\n<\/div>\n            <\/div>\r\n        <\/div>\r\n    <\/div>\r\n<\/div>\r\n<\/div><\/div><\/div><div class=\"accordion-panel\" data-panel-id=\"alisa-kobzar\">\n    <div class=\"accordion-headline\">\n        <div class=\"accordion-headline-inner\">\n            <h4>Alisa Kobzar<span class=\"accordion-toggle-btn\"><\/span><\/h4>\n        <\/div>\n    <\/div>\n    <div class=\"accordion-content\">\n        <div class=\"accordion-content-inner\"><div class=\"ce ce-onecol \" >\r\n    <div class=\"container\">\r\n        <div class=\"row\">\r\n            <div class=\"col\">\r\n\t\t\t\t<p><span dir=\"ltr\" role=\"presentation\">Alisa Kobzar (*1989, Ukraine) ist Komponistin, Multimedia-<\/span><span dir=\"ltr\" role=\"presentation\">K\u00fcnstlerin und Lehrerin. Sie ist 2014 Absolventin der Natio<\/span><span dir=\"ltr\" role=\"presentation\">nalen Musikakademie Kiew und lebt seit 2018 in Graz, wo sie <\/span><span dir=\"ltr\" role=\"presentation\">an der Universit\u00e4t f\u00fcr Musik und darstellende Kunst Compu<\/span><span dir=\"ltr\" role=\"presentation\">termusik und Klangkunst studiert. Ihre multidisziplin\u00e4ren <\/span><span dir=\"ltr\" role=\"presentation\">Werke vereinen elektronische Musik und Klangkunst und <\/span><span dir=\"ltr\" role=\"presentation\">wurden weltweit aufgef\u00fchrt. 2019 gr\u00fcndete sie gemeinsam <\/span><span dir=\"ltr\" role=\"presentation\">mit Lisa Mc Guire das Duo rotk\u00e4ppchen, das sich auf inter<\/span><span dir=\"ltr\" role=\"presentation\">aktive Multimedia-Kompositionen konzentriert. Im Jahr 2024 <\/span><span dir=\"ltr\" role=\"presentation\">wurde sie mit dem \u00d6sterreichischen Staatsstipendium f\u00fcr <\/span><span dir=\"ltr\" role=\"presentation\">Komposition ausgezeichnet. Mehr Informationen unter alisa<\/span><span dir=\"ltr\" role=\"presentation\">kobzar.mur.at. <\/span><\/p>\n            <\/div>\r\n        <\/div>\r\n    <\/div>\r\n<\/div>\r\n<\/div><\/div><\/div><div class=\"accordion-panel\" data-panel-id=\"hannah-a-barnes\">\n    <div class=\"accordion-headline\">\n        <div class=\"accordion-headline-inner\">\n            <h4>Hannah A. Barnes<span class=\"accordion-toggle-btn\"><\/span><\/h4>\n        <\/div>\n    <\/div>\n    <div class=\"accordion-content\">\n        <div class=\"accordion-content-inner\"><div class=\"ce ce-onecol \" >\r\n    <div class=\"container\">\r\n        <div class=\"row\">\r\n            <div class=\"col\">\r\n\t\t\t\t<p><span dir=\"ltr\" role=\"presentation\">Hannah A. Barnes ist eine in Montr\u00e9al lebende Komponistin, <\/span><span dir=\"ltr\" role=\"presentation\">Dirigentin und Performerin. Ihre kompositorischen Interes<\/span><span dir=\"ltr\" role=\"presentation\">sen konzentrieren sich auf dornige Harmonien, eigenwillige <\/span><span dir=\"ltr\" role=\"presentation\">und schr\u00e4ge Materialien und rhizomatische Strukturen. Ihr <\/span><span dir=\"ltr\" role=\"presentation\">geht es darum, komplexe Musik zu schaffen, die die Span<\/span><span dir=\"ltr\" role=\"presentation\">nung zwischen strenger Kontrolle und Strenge und ungez\u00fc<\/span><span dir=\"ltr\" role=\"presentation\">geltem Chaos und Ausdruck hervorhebt. Kollaboration ist f\u00fcr <\/span><span dir=\"ltr\" role=\"presentation\">ihre kompositorische Praxis von wesentlicher Bedeutung. <\/span><span dir=\"ltr\" role=\"presentation\">Derzeit studiert sie Komposition an der McGill University, <\/span><span dir=\"ltr\" role=\"presentation\">nachdem sie an der DePaul University ihren Master- und Ba<\/span><span dir=\"ltr\" role=\"presentation\">chelor-Abschluss in Komposition mit Auszeichnung gemacht <\/span><span dir=\"ltr\" role=\"presentation\">hat. <\/span><\/p>\n            <\/div>\r\n        <\/div>\r\n    <\/div>\r\n<\/div>\r\n<\/div><\/div><\/div><div class=\"accordion-panel\" data-panel-id=\"eunhye-joo\">\n    <div class=\"accordion-headline\">\n        <div class=\"accordion-headline-inner\">\n            <h4>Eunhye Joo<span class=\"accordion-toggle-btn\"><\/span><\/h4>\n        <\/div>\n    <\/div>\n    <div class=\"accordion-content\">\n        <div class=\"accordion-content-inner\"><div class=\"ce ce-onecol \" >\r\n    <div class=\"container\">\r\n        <div class=\"row\">\r\n            <div class=\"col\">\r\n\t\t\t\t<p><span dir=\"ltr\" role=\"presentation\">Eunhye Joo (*1996, Seoul) studierte Komposition am Hany<\/span><span dir=\"ltr\" role=\"presentation\">ang University College of Music und schloss ihr Studium 2019 <\/span><span dir=\"ltr\" role=\"presentation\">mit Auszeichnung ab. Sie studierte bei Prof. Sidney Corbett <\/span><span dir=\"ltr\" role=\"presentation\">und schloss ihr Studium mit einem Master an der Staatlichen <\/span><span dir=\"ltr\" role=\"presentation\">Hochschule f\u00fcr Musik und Darstellende Kunst Mannheim ab. <\/span><span dir=\"ltr\" role=\"presentation\">Seit 2023 studiert sie Komposition (Konzertexamen) an der <\/span><span dir=\"ltr\" role=\"presentation\">Hochschule f\u00fcr Musik und Theater Hamburg bei Prof. Gor<\/span><span dir=\"ltr\" role=\"presentation\">don Kampe. <\/span><br role=\"presentation\" \/><span dir=\"ltr\" role=\"presentation\">Ihre Werke wurden vom Ensemble SONOR XXI, Ensem<\/span><span dir=\"ltr\" role=\"presentation\">ble Eins, Ensemble Via Nova, Ensemble Hashtag, Ensem<\/span><span dir=\"ltr\" role=\"presentation\">ble Impronta, Ensemble Recherche, Tetra Brass Ensemble <\/span><span dir=\"ltr\" role=\"presentation\">M\u00fcnchen, Georg Katzer Ensemble Berlin, IEMA Alumni <\/span><span dir=\"ltr\" role=\"presentation\">Ensemble, <\/span><span dir=\"ltr\" role=\"presentation\">AsianArt <\/span><span dir=\"ltr\" role=\"presentation\">Ensemble, <\/span><span dir=\"ltr\" role=\"presentation\">Sinfonieorchester <\/span><span dir=\"ltr\" role=\"presentation\">TonArt <\/span><span dir=\"ltr\" role=\"presentation\">Heidelberg, Les Percussions de Strasbourg, Ensemble Linea, <\/span><span dir=\"ltr\" role=\"presentation\">mdi ensemble und Ensemble Ascolta aufgef\u00fchrt. <\/span><span dir=\"ltr\" role=\"presentation\">Seit 2018 ist sie Resident Composer des Ensemble SONOR <\/span><span dir=\"ltr\" role=\"presentation\">XXI.<\/span><\/p>\n            <\/div>\r\n        <\/div>\r\n    <\/div>\r\n<\/div>\r\n<\/div><\/div><\/div><\/div><\/div><\/div><\/div><\/div>","protected":false},"excerpt":{"rendered":"<p>Abschlusskonzert der\u00a0Virtual Brass Academy 2025\u00a0mit 3-min\u00fctigen Urauff\u00fchrungen der teilnehmenden Komponist*innen<\/p>\n","protected":false},"author":6,"featured_media":13961,"comment_status":"closed","ping_status":"closed","sticky":false,"template":"","format":"standard","meta":{"_acf_changed":false,"_relevanssi_hide_post":"","_relevanssi_hide_content":"","_relevanssi_pin_for_all":"","_relevanssi_pin_keywords":"","_relevanssi_unpin_keywords":"","_relevanssi_related_keywords":"","_relevanssi_related_include_ids":"","_relevanssi_related_exclude_ids":"","_relevanssi_related_no_append":"","_relevanssi_related_not_related":"","_relevanssi_related_posts":"","_relevanssi_noindex_reason":"","footnotes":""},"categories":[1],"tags":[],"class_list":["post-13959","post","type-post","status-publish","format-standard","has-post-thumbnail","hentry","category-video"],"acf":[],"_links":{"self":[{"href":"https:\/\/www.musikfabrik.eu\/de\/wp-json\/wp\/v2\/posts\/13959","targetHints":{"allow":["GET"]}}],"collection":[{"href":"https:\/\/www.musikfabrik.eu\/de\/wp-json\/wp\/v2\/posts"}],"about":[{"href":"https:\/\/www.musikfabrik.eu\/de\/wp-json\/wp\/v2\/types\/post"}],"author":[{"embeddable":true,"href":"https:\/\/www.musikfabrik.eu\/de\/wp-json\/wp\/v2\/users\/6"}],"replies":[{"embeddable":true,"href":"https:\/\/www.musikfabrik.eu\/de\/wp-json\/wp\/v2\/comments?post=13959"}],"version-history":[{"count":4,"href":"https:\/\/www.musikfabrik.eu\/de\/wp-json\/wp\/v2\/posts\/13959\/revisions"}],"predecessor-version":[{"id":13974,"href":"https:\/\/www.musikfabrik.eu\/de\/wp-json\/wp\/v2\/posts\/13959\/revisions\/13974"}],"wp:featuredmedia":[{"embeddable":true,"href":"https:\/\/www.musikfabrik.eu\/de\/wp-json\/wp\/v2\/media\/13961"}],"wp:attachment":[{"href":"https:\/\/www.musikfabrik.eu\/de\/wp-json\/wp\/v2\/media?parent=13959"}],"wp:term":[{"taxonomy":"category","embeddable":true,"href":"https:\/\/www.musikfabrik.eu\/de\/wp-json\/wp\/v2\/categories?post=13959"},{"taxonomy":"post_tag","embeddable":true,"href":"https:\/\/www.musikfabrik.eu\/de\/wp-json\/wp\/v2\/tags?post=13959"}],"curies":[{"name":"wp","href":"https:\/\/api.w.org\/{rel}","templated":true}]}}