{"id":13888,"date":"2024-12-09T13:25:05","date_gmt":"2024-12-09T12:25:05","guid":{"rendered":"https:\/\/www.musikfabrik.eu\/?p=13888"},"modified":"2024-12-09T13:36:26","modified_gmt":"2024-12-09T12:36:26","slug":"montagskonzert-figure-ground","status":"publish","type":"post","link":"https:\/\/www.musikfabrik.eu\/de\/blog\/montagskonzert-figure-ground\/","title":{"rendered":"MONTAGSKONZERT \u2013 FIGURE \u2013 GROUND"},"content":{"rendered":"<div class=\"ce ce-twocol fullwidth layout-8-4\" >\r\n    <div class=\"container\">\r\n        <div class=\"row\">\r\n            <div class=\"col col-custom-1\">\r\n\t\t\t\t\n<div class=\"brlbs-cmpnt-container brlbs-cmpnt-content-blocker brlbs-cmpnt-with-individual-styles\" data-borlabs-cookie-content-blocker-id=\"youtube-content-blocker\" data-borlabs-cookie-content=\"PGRpdiBjbGFzcz0icmVzcG9uc2l2ZS12aWRlbyI+PGlmcmFtZSB0aXRsZT0iTU9OVEFHU0tPTlpFUlQg4oCTIEZJR1VSRSDigJPCoEdST1VORCIgd2lkdGg9IjUwMCIgaGVpZ2h0PSIyODEiIHNyYz0iaHR0cHM6Ly93d3cueW91dHViZS1ub2Nvb2tpZS5jb20vZW1iZWQvNWQwX1hqOUR3NjA\/ZmVhdHVyZT1vZW1iZWQmc2hvd2luZm89MCIgZnJhbWVib3JkZXI9IjAiIGFsbG93PSJhY2NlbGVyb21ldGVyOyBhdXRvcGxheTsgY2xpcGJvYXJkLXdyaXRlOyBlbmNyeXB0ZWQtbWVkaWE7IGd5cm9zY29wZTsgcGljdHVyZS1pbi1waWN0dXJlOyB3ZWItc2hhcmUiIHJlZmVycmVycG9saWN5PSJzdHJpY3Qtb3JpZ2luLXdoZW4tY3Jvc3Mtb3JpZ2luIiBhbGxvd2Z1bGxzY3JlZW4+PC9pZnJhbWU+PC9kaXY+\">\n<div class=\"brlbs-cmpnt-cb-preset-c brlbs-cmpnt-cb-youtube\">\n<div class=\"brlbs-cmpnt-cb-thumbnail\" style=\"background-image: url('https:\/\/www.musikfabrik.eu\/wp-content\/uploads\/borlabs-cookie\/1\/yt_5d0_Xj9Dw60_hqdefault.jpg')\"><\/div>\n<div class=\"brlbs-cmpnt-cb-main\">\n<div class=\"brlbs-cmpnt-cb-play-button\"><\/div>\n<div class=\"brlbs-cmpnt-cb-content\">\n<p class=\"brlbs-cmpnt-cb-description\">Sie sehen gerade einen Platzhalterinhalt von <strong>YouTube<\/strong>. Um auf den eigentlichen Inhalt zuzugreifen, klicken Sie auf die Schaltfl\u00e4che unten. Bitte beachten Sie, dass dabei Daten an Drittanbieter weitergegeben werden.<\/p>\n<p> <a class=\"brlbs-cmpnt-cb-provider-toggle\" href=\"#\" data-borlabs-cookie-show-provider-information role=\"button\">Mehr Informationen<\/a> <\/div>\n<div class=\"brlbs-cmpnt-cb-buttons\"> <a class=\"brlbs-cmpnt-cb-btn\" href=\"#\" data-borlabs-cookie-unblock role=\"button\">Inhalt entsperren<\/a> <a class=\"brlbs-cmpnt-cb-btn\" href=\"#\" data-borlabs-cookie-accept-service role=\"button\" style=\"display: inherit\">Erforderlichen Service akzeptieren und Inhalte entsperren<\/a> <\/div>\n<\/p><\/div>\n<\/p><\/div>\n<\/div>\n            <\/div>\r\n            <div class=\"col col-custom-2\">\r\n\t\t\t\t<p><strong>Georgina Bowden<\/strong>\u00a0\u2013\u00a0<em>Figure \u2013 Ground\u00a0<\/em>(2024)<br \/>\nf\u00fcr Oboe, Horn und Kontrabass<\/p>\n<p><strong>Dylan Lardelli<\/strong>\u00a0\u2013\u00a0<em>The Giving Sea\u00a0<\/em>(2024)<br \/>\nf\u00fcr Englischhorn\/Oboe, Horn und Kontrabass<\/p>\n<p><strong>Juliet Palmer<\/strong>\u00a0\u2013\u00a0<em>a blur of lichens<\/em>\u00a0(2024)<br \/>\nf\u00fcr Oboe, Horn und Kontrabass<\/p>\n<p><strong>Gordon Williamson<\/strong>\u00a0\u2013\u00a0<i>Odd Throuple<\/i>\u00a0(2024)<br \/>\nf\u00fcr Englischhorn\/Oboe, Horn und Kontrabass<\/p>\n<p><a href=\"https:\/\/www.musikfabrik.eu\/de\/ensemble\/mitglieder\/peter-veale\/\">Peter Veale<\/a>, Oboe, Englischhorn<br \/>\n<a href=\"https:\/\/www.musikfabrik.eu\/de\/ensemble\/mitglieder\/christine-chapman\/\">Christine Chapman<\/a>, Horn<br \/>\n<a href=\"https:\/\/www.musikfabrik.eu\/de\/ensemble\/mitglieder\/florentin-ginot\/\">Florentin Ginot<\/a>, Kontrabass<\/p>\n<p>Janet Sinica, Kamera<br \/>\nStephan Schmidt, Aufnahmeleitung<\/p>\n            <\/div>\r\n        <\/div>\r\n    <\/div>\r\n<\/div>\r\n<div class=\"ce ce-headline \">\n    <div class=\"container\">\n        <div class=\"row\">\n            <div class=\"col\">\n\t\t\t\t<h1>Programmtexte<\/h1>            <\/div>\n        <\/div>\n    <\/div>\n<\/div>\n<div class=\"ce ce-accordion \">\n  <div class=\"container\">\n    <div class=\"row\">\n      <div class=\"col\">\n        <div class=\"accordion\"><div class=\"accordion-panel\" data-panel-id=\"georgina-bowden-figure-ground-2024\">\n    <div class=\"accordion-headline\">\n        <div class=\"accordion-headline-inner\">\n            <h4>Georgina Bowden \u2013\u00a0Figure \u2013 Ground (2024)<span class=\"accordion-toggle-btn\"><\/span><\/h4>\n        <\/div>\n    <\/div>\n    <div class=\"accordion-content\">\n        <div class=\"accordion-content-inner\"><div class=\"ce ce-onecol \" >\r\n    <div class=\"container\">\r\n        <div class=\"row\">\r\n            <div class=\"col\">\r\n\t\t\t\t<p>Als Resultat von Gedanken u\u0308ber Verletzlichkeit, Best\u00e4ndigkeit und Abwesenheit entstand Figure &#8211; Ground aus meinen eigenen ph\u00e4nomenologischen Zeichnungen eines Spaziergangs um die m\u00e4chtige Erhebung des Uluru im Zentrum Australiens.<br \/>\n<em>Georgina Bowden<\/em><\/p>\n            <\/div>\r\n        <\/div>\r\n    <\/div>\r\n<\/div>\r\n<\/div><\/div><\/div><div class=\"accordion-panel\" data-panel-id=\"dylan-lardelli-the-giving-sea-2024\">\n    <div class=\"accordion-headline\">\n        <div class=\"accordion-headline-inner\">\n            <h4>Dylan Lardelli \u2013 The Giving Sea (2024)<span class=\"accordion-toggle-btn\"><\/span><\/h4>\n        <\/div>\n    <\/div>\n    <div class=\"accordion-content\">\n        <div class=\"accordion-content-inner\"><div class=\"ce ce-onecol \" >\r\n    <div class=\"container\">\r\n        <div class=\"row\">\r\n            <div class=\"col\">\r\n\t\t\t\t<p>Dieses Werk, das ozeanische Elemente wie Tiefe, Dichte, Bewegung und Trennung aufgreift, bezieht sich auf das Meer als ein vorherrschendes Thema des Traums und der spirituellen Evokation. Die Entfaltung des Stu\u0308cks ruft zeitliche Elemente eines sich ver\u00e4ndernden Meeres hervor, zusammen mit dem ihm innewohnenden Potenzial der Fragmentierung der Erz\u00e4hlung.<br \/>\n<em>Dylan Lardelli<\/em><\/p>\n            <\/div>\r\n        <\/div>\r\n    <\/div>\r\n<\/div>\r\n<\/div><\/div><\/div><div class=\"accordion-panel\" data-panel-id=\"juliet-palmer-a-blur-of-lichens-2024\">\n    <div class=\"accordion-headline\">\n        <div class=\"accordion-headline-inner\">\n            <h4>Juliet Palmer \u2013 a blur of lichens (2024)<span class=\"accordion-toggle-btn\"><\/span><\/h4>\n        <\/div>\n    <\/div>\n    <div class=\"accordion-content\">\n        <div class=\"accordion-content-inner\"><div class=\"ce ce-onecol \" >\r\n    <div class=\"container\">\r\n        <div class=\"row\">\r\n            <div class=\"col\">\r\n\t\t\t\t<p><em>A blur of lichens<\/em> ist meinem verstorbenen Gro\u00dfvater Frank gewidmet, einem Naturschu\u0308tzer, der sich im Alter von 96 Jahren in die Welt der Flechten verliebte. Der fast blinde Frank studierte die Bilder in Bibliotheksbu\u0308chern mit Hilfe von hellem Licht, Lupen und riesigen Brillen. W\u00e4hrend die Seiten verschwammen, sich in der Sch\u00e4rfe verschoben und unscharf wurden, fesselte die Welt der bescheidenen Flechten mit ihrer Textur, ihren Farben und Mustern die Fantasie meines Gro\u00dfvaters.<br \/>\nWenn ich diese Erinnerung an meinen Gro\u00dfvater auseinandernehme, stellt sich fu\u0308r mich die Frage nach dem Verschwimmen anderer Grenzen. Wie viel von dem, was ich bin, habe ich von meinem Gro\u00dfvater geerbt? Wie verwandelt sich Licht in Farbe? Wie ist es, als Flechte an der Schnittstelle von Zersetzung und Aufbau zu leben? Wo endet der Fels und wo beginnt der Himmel? Wo wird mein Atem zu der Luft, die Sie atmen?<br \/>\nInspiriert durch Flechten als symbiotische Beziehungen zwischen Pilzen, Algen und Bakterien, bietet <em>a blur of lichens<\/em> Strukturen und Vokabular, um musikalische Gegenseitigkeit zu unterstu\u0308tzen. Jede Iteration entsteht frisch aus dem Moment ihrer Entstehung heraus. <em>A blur of lichens<\/em> wurde von Gordon Williamson mit Unterstu\u0308tzung des Ontario Arts Council in Auftrag gegeben.<br \/>\n<em>Juliet Palmer<\/em><\/p>\n            <\/div>\r\n        <\/div>\r\n    <\/div>\r\n<\/div>\r\n<\/div><\/div><\/div><div class=\"accordion-panel\" data-panel-id=\"gordon-williamson-odd-throuple-2024\">\n    <div class=\"accordion-headline\">\n        <div class=\"accordion-headline-inner\">\n            <h4>Gordon Williamson \u2013 Odd Throuple (2024)<span class=\"accordion-toggle-btn\"><\/span><\/h4>\n        <\/div>\n    <\/div>\n    <div class=\"accordion-content\">\n        <div class=\"accordion-content-inner\"><div class=\"ce ce-onecol \" >\r\n    <div class=\"container\">\r\n        <div class=\"row\">\r\n            <div class=\"col\">\r\n\t\t\t\t<p>Die Instrumentierung fu\u0308r dieses Stu\u0308ck ist inspiriert von meiner ju\u0308ngsten Komposition <em>Odd Couples<\/em>, einer Reihe von 24 Miniaturen fu\u0308r ungew\u00f6hnliche und unerwartete musikalische Paarungen. Ich fand, dass die Herausforderung, fu\u0308r eine selten (wenn u\u0308berhaupt?) geh\u00f6rte Kombination von Instrumenten zu komponieren, sehr schnell zu einer fruchtbaren und konzentrierten Erkundung der wenigen gemeinsamen Klangfarbenbereiche wird, die die Instrumente gemeinsam haben. Fu\u0308r mich bleibt es eine spannende Idee, da ich sonst nicht auf diese besonderen Klangfarbenkombinationen gesto\u00dfen w\u00e4re: Die Inspiration des Stu\u0308cks liegt in der Instrumentierung selbst.<br \/>\nIndem <em>Odd Throuple<\/em> die Idee auf ein Trio ausweitet, erforscht es einige Schnittpunkte des Trios aus verschiedenen Perspektiven und musikalischen Charakteren und erm\u00f6glicht es uns, diese Instrumente in einem neuen Kontext neu zu entdecken.<br \/>\n<em>Gordon Williamson<\/em><\/p>\n            <\/div>\r\n        <\/div>\r\n    <\/div>\r\n<\/div>\r\n<\/div><\/div><\/div><\/div><\/div><\/div><\/div><\/div>","protected":false},"excerpt":{"rendered":"<p>Livestream und Programmtexte des Montagskonzerts am 9. Dezember 2024<\/p>\n","protected":false},"author":6,"featured_media":13325,"comment_status":"closed","ping_status":"closed","sticky":false,"template":"","format":"standard","meta":{"_acf_changed":false,"_relevanssi_hide_post":"","_relevanssi_hide_content":"","_relevanssi_pin_for_all":"","_relevanssi_pin_keywords":"","_relevanssi_unpin_keywords":"","_relevanssi_related_keywords":"","_relevanssi_related_include_ids":"","_relevanssi_related_exclude_ids":"","_relevanssi_related_no_append":"","_relevanssi_related_not_related":"","_relevanssi_related_posts":"","_relevanssi_noindex_reason":"","footnotes":""},"categories":[1],"tags":[101],"class_list":["post-13888","post","type-post","status-publish","format-standard","has-post-thumbnail","hentry","category-video","tag-montagskonzert"],"acf":[],"_links":{"self":[{"href":"https:\/\/www.musikfabrik.eu\/de\/wp-json\/wp\/v2\/posts\/13888","targetHints":{"allow":["GET"]}}],"collection":[{"href":"https:\/\/www.musikfabrik.eu\/de\/wp-json\/wp\/v2\/posts"}],"about":[{"href":"https:\/\/www.musikfabrik.eu\/de\/wp-json\/wp\/v2\/types\/post"}],"author":[{"embeddable":true,"href":"https:\/\/www.musikfabrik.eu\/de\/wp-json\/wp\/v2\/users\/6"}],"replies":[{"embeddable":true,"href":"https:\/\/www.musikfabrik.eu\/de\/wp-json\/wp\/v2\/comments?post=13888"}],"version-history":[{"count":3,"href":"https:\/\/www.musikfabrik.eu\/de\/wp-json\/wp\/v2\/posts\/13888\/revisions"}],"predecessor-version":[{"id":13895,"href":"https:\/\/www.musikfabrik.eu\/de\/wp-json\/wp\/v2\/posts\/13888\/revisions\/13895"}],"wp:featuredmedia":[{"embeddable":true,"href":"https:\/\/www.musikfabrik.eu\/de\/wp-json\/wp\/v2\/media\/13325"}],"wp:attachment":[{"href":"https:\/\/www.musikfabrik.eu\/de\/wp-json\/wp\/v2\/media?parent=13888"}],"wp:term":[{"taxonomy":"category","embeddable":true,"href":"https:\/\/www.musikfabrik.eu\/de\/wp-json\/wp\/v2\/categories?post=13888"},{"taxonomy":"post_tag","embeddable":true,"href":"https:\/\/www.musikfabrik.eu\/de\/wp-json\/wp\/v2\/tags?post=13888"}],"curies":[{"name":"wp","href":"https:\/\/api.w.org\/{rel}","templated":true}]}}