{"id":13252,"date":"2024-06-10T08:00:53","date_gmt":"2024-06-10T06:00:53","guid":{"rendered":"https:\/\/www.musikfabrik.eu\/?p=13252"},"modified":"2024-06-10T14:28:45","modified_gmt":"2024-06-10T12:28:45","slug":"von-der-liebe-zur-linie-iv","status":"publish","type":"post","link":"https:\/\/www.musikfabrik.eu\/de\/blog\/von-der-liebe-zur-linie-iv\/","title":{"rendered":"Von der Liebe zur Linie IV"},"content":{"rendered":"<div class=\"ce ce-twocol fullwidth bgr-white pt-large layout-8-4\" >\r\n    <div class=\"container\">\r\n        <div class=\"row\">\r\n            <div class=\"col col-custom-1\">\r\n\t\t\t\t\n<div class=\"brlbs-cmpnt-container brlbs-cmpnt-content-blocker brlbs-cmpnt-with-individual-styles\" data-borlabs-cookie-content-blocker-id=\"youtube-content-blocker\" data-borlabs-cookie-content=\"PGRpdiBjbGFzcz0icmVzcG9uc2l2ZS12aWRlbyI+PGlmcmFtZSB0aXRsZT0iU3ZlbiBJbmdvIEtvY2gg4oCTIFZvbiBkZXIgTGllYmUgenVyIExpbmllIElWICgyMDIyKSIgd2lkdGg9IjUwMCIgaGVpZ2h0PSIyODEiIHNyYz0iaHR0cHM6Ly93d3cueW91dHViZS1ub2Nvb2tpZS5jb20vZW1iZWQvamp2UlEyVGNtSFU\/ZmVhdHVyZT1vZW1iZWQmc2hvd2luZm89MCIgZnJhbWVib3JkZXI9IjAiIGFsbG93PSJhY2NlbGVyb21ldGVyOyBhdXRvcGxheTsgY2xpcGJvYXJkLXdyaXRlOyBlbmNyeXB0ZWQtbWVkaWE7IGd5cm9zY29wZTsgcGljdHVyZS1pbi1waWN0dXJlOyB3ZWItc2hhcmUiIHJlZmVycmVycG9saWN5PSJzdHJpY3Qtb3JpZ2luLXdoZW4tY3Jvc3Mtb3JpZ2luIiBhbGxvd2Z1bGxzY3JlZW4+PC9pZnJhbWU+PC9kaXY+\">\n<div class=\"brlbs-cmpnt-cb-preset-c brlbs-cmpnt-cb-youtube\">\n<div class=\"brlbs-cmpnt-cb-thumbnail\" style=\"background-image: url('https:\/\/www.musikfabrik.eu\/wp-content\/uploads\/borlabs-cookie\/1\/yt_jjvRQ2TcmHU_hqdefault.jpg')\"><\/div>\n<div class=\"brlbs-cmpnt-cb-main\">\n<div class=\"brlbs-cmpnt-cb-play-button\"><\/div>\n<div class=\"brlbs-cmpnt-cb-content\">\n<p class=\"brlbs-cmpnt-cb-description\">Sie sehen gerade einen Platzhalterinhalt von <strong>YouTube<\/strong>. Um auf den eigentlichen Inhalt zuzugreifen, klicken Sie auf die Schaltfl\u00e4che unten. Bitte beachten Sie, dass dabei Daten an Drittanbieter weitergegeben werden.<\/p>\n<p> <a class=\"brlbs-cmpnt-cb-provider-toggle\" href=\"#\" data-borlabs-cookie-show-provider-information role=\"button\">Mehr Informationen<\/a> <\/div>\n<div class=\"brlbs-cmpnt-cb-buttons\"> <a class=\"brlbs-cmpnt-cb-btn\" href=\"#\" data-borlabs-cookie-unblock role=\"button\">Inhalt entsperren<\/a> <a class=\"brlbs-cmpnt-cb-btn\" href=\"#\" data-borlabs-cookie-accept-service role=\"button\" style=\"display: inherit\">Erforderlichen Service akzeptieren und Inhalte entsperren<\/a> <\/div>\n<\/p><\/div>\n<\/p><\/div>\n<\/div>\n            <\/div>\r\n            <div class=\"col col-custom-2\">\r\n\t\t\t\t<p><strong>Sven-Ingo Koch<\/strong> \u2013 <em>Von der Liebe zur Linie IV<\/em> (2022)<br \/>\nf\u00fcr Violine<\/p>\n<p>Sara Cubarsi, Violine<\/p>\n<p>Janet Sinica, video\/editing<br \/>\nJulius Gass, recording producer\/editing<\/p>\n            <\/div>\r\n        <\/div>\r\n    <\/div>\r\n<\/div>\r\n<div class=\"ce ce-onecol pt-large\" >\r\n    <div class=\"container\">\r\n        <div class=\"row\">\r\n            <div class=\"col\">\r\n\t\t\t\t<p>Zu Beginn stand die Idee, ein kurzes, eins\u00e4tziges St\u00fcck f\u00fcr Barockvioline zu komponieren, inspiriert von barocker Ornamentierung und einer mikrotonal variablen Intonation von Intervallen und T\u00f6nen. Mich fasziniert jene Intonation barocker Musik, bei der Intervalle je nach tonal-harmonischen Kontext gedeutet und entsprechend mal enger, mal weiter gegriffen werden. So spielte mir am Anfang des Arbeitsprozesses die Barockgeigerin Nadja Zwiener allein vier verschiedene gro\u00dfe Terzen vor. Das traf auf mein Interesse an einer Linearit\u00e4t, die mit Liebe zu variablen Kleinstintervallen melodische Potentiale von Mikrotonalit\u00e4t auslotet.<br \/>\nW\u00e4hrend des freudvollen und anregenden Arbeitsprozesses am ersten St\u00fcck und des damit verbundenen erneuten Studiums von Bachs Sonaten und Partiten entstanden bald zahlreiche Ideen f\u00fcr weitere S\u00e4tze, so dass ich Abstand nahm von der Vorstellung, ein kurzes, eins\u00e4tziges St\u00fcck zu komponieren. Wie Bach in seinen Partiten wollte ich (in Satz II und IV) Bezug nehmen zu verschiedenen T\u00e4nzen, wobei mir allerdings die Referenz zu zeitgen\u00f6ssischen &#8211; nicht barocken &#8211; popul\u00e4ren Tanzformen wichtig war.<br \/>\nJeder Satz basiert auf seiner eigenen Idee: Im ersten Satz bin ich (wie eingangs beschrieben) inspiriert von barocker Ornamentierung und stelle insbesondere 1\/8-, 2\/8-, 3\/8- und 5\/8-Tonschritte in den Fokus.<br \/>\nDer zweite Satz zelebriert einen repetitiven, tanzartigen Rhythmus mit einigem \u201eHeadbanging\u201c-Potential &#8211; und einigen St\u00f6rungen.<br \/>\nDer dritte Satz ist inspiriert von den Wechselnoten c\u2018 und d\u2018 in Bachs C-Dur-Partita.<br \/>\nDer vierte Satz k\u00f6nnte fast eine Art Hip-Hop sein.<br \/>\nDer f\u00fcnfte Satz ist eine (mindestens) zweistimmige Studie \u00fcber ger\u00e4uschhafte Flageolett-Klangfarben und simultane Wechselnoten &#8211; eine gro\u00dfe Herausforderung f\u00fcr die Finger einer jeden Interpretin.<br \/>\nSatz I und II entstanden ausdr\u00fccklich f\u00fcr Barockvioline, k\u00f6nnen aber auch auf der modernen Violine gespielt werden. Bei Satz III, IV, V verh\u00e4lt es sich genau umgekehrt.<br \/>\nIch danke Sara Cubarsi von Herzen f\u00fcr die wunderbare Zusammenarbeit, w\u00e4hrend derer sie sich jedem Detail, jeder mikrotonalen Differenzierung mit Liebe und Hingabe widmete.<\/p>\n<p><em>Sven-Ingo Koch<\/em><\/p>\n            <\/div>\r\n        <\/div>\r\n    <\/div>\r\n<\/div>\r\n","protected":false},"excerpt":{"rendered":"<p>Sara Cubarsi interpretiert Sven-Ingo Kochs &#8222;Von der Liebe zur Linie IV&#8220;<\/p>\n","protected":false},"author":6,"featured_media":13256,"comment_status":"closed","ping_status":"closed","sticky":false,"template":"","format":"standard","meta":{"_acf_changed":false,"_relevanssi_hide_post":"","_relevanssi_hide_content":"","_relevanssi_pin_for_all":"","_relevanssi_pin_keywords":"","_relevanssi_unpin_keywords":"","_relevanssi_related_keywords":"","_relevanssi_related_include_ids":"","_relevanssi_related_exclude_ids":"","_relevanssi_related_no_append":"","_relevanssi_related_not_related":"","_relevanssi_related_posts":"","_relevanssi_noindex_reason":"","footnotes":""},"categories":[1,90],"tags":[],"class_list":["post-13252","post","type-post","status-publish","format-standard","has-post-thumbnail","hentry","category-video","category-werktext"],"acf":[],"_links":{"self":[{"href":"https:\/\/www.musikfabrik.eu\/de\/wp-json\/wp\/v2\/posts\/13252","targetHints":{"allow":["GET"]}}],"collection":[{"href":"https:\/\/www.musikfabrik.eu\/de\/wp-json\/wp\/v2\/posts"}],"about":[{"href":"https:\/\/www.musikfabrik.eu\/de\/wp-json\/wp\/v2\/types\/post"}],"author":[{"embeddable":true,"href":"https:\/\/www.musikfabrik.eu\/de\/wp-json\/wp\/v2\/users\/6"}],"replies":[{"embeddable":true,"href":"https:\/\/www.musikfabrik.eu\/de\/wp-json\/wp\/v2\/comments?post=13252"}],"version-history":[{"count":6,"href":"https:\/\/www.musikfabrik.eu\/de\/wp-json\/wp\/v2\/posts\/13252\/revisions"}],"predecessor-version":[{"id":13260,"href":"https:\/\/www.musikfabrik.eu\/de\/wp-json\/wp\/v2\/posts\/13252\/revisions\/13260"}],"wp:featuredmedia":[{"embeddable":true,"href":"https:\/\/www.musikfabrik.eu\/de\/wp-json\/wp\/v2\/media\/13256"}],"wp:attachment":[{"href":"https:\/\/www.musikfabrik.eu\/de\/wp-json\/wp\/v2\/media?parent=13252"}],"wp:term":[{"taxonomy":"category","embeddable":true,"href":"https:\/\/www.musikfabrik.eu\/de\/wp-json\/wp\/v2\/categories?post=13252"},{"taxonomy":"post_tag","embeddable":true,"href":"https:\/\/www.musikfabrik.eu\/de\/wp-json\/wp\/v2\/tags?post=13252"}],"curies":[{"name":"wp","href":"https:\/\/api.w.org\/{rel}","templated":true}]}}