{"id":11002,"date":"2023-01-24T15:41:12","date_gmt":"2023-01-24T14:41:12","guid":{"rendered":"https:\/\/www.musikfabrik.eu\/?p=11002"},"modified":"2023-01-25T12:03:54","modified_gmt":"2023-01-25T11:03:54","slug":"widerstand-und-funkenflug","status":"publish","type":"post","link":"https:\/\/www.musikfabrik.eu\/de\/blog\/widerstand-und-funkenflug\/","title":{"rendered":"Widerstand und Funkenflug"},"content":{"rendered":"<div class=\"ce ce-onecol \" >\r\n    <div class=\"container\">\r\n        <div class=\"row\">\r\n            <div class=\"col\">\r\n\t\t\t\t<p><strong>Am <a href=\"https:\/\/www.musikfabrik.eu\/de\/kalender\/musikfabrik-im-wdr-84\/\" target=\"_blank\" rel=\"noopener\">29. Januar<\/a> spielen wir die Urauff\u00fchrung von\u00a0Milica Djordjevi\u0107s Werk\u00a0<em>Nalet <\/em>im Rahmen unserer Reihe &#8222;Musikfabrik im WDR&#8220;, beim Festival <a href=\"https:\/\/www.achtbruecken.de\/de\/\" target=\"_blank\" rel=\"noopener\">ACHT BR\u00dcCKEN<\/a> d\u00fcrfen wir Solokompositionen der serbischen Komponistin urauff\u00fchren. Raoul M\u00f6rchen hat im Vorfeld mit der Komponistin gesprochen und verr\u00e4t, wie bei ihr ein neues St\u00fcck entsteht.\u00a0<\/strong><\/p>\n            <\/div>\r\n        <\/div>\r\n    <\/div>\r\n<\/div>\r\n<div class=\"ce ce-twocol \" >\r\n    <div class=\"container\">\r\n        <div class=\"row\">\r\n            <div class=\"col col-custom-1\">\r\n\t\t\t\t<p><span style=\"font-weight: 400;\">Das neue Ensemblewerk ist noch l\u00e4ngst nicht beendet, und Milica Djordjevi\u0107 hat eines gelernt: dann besser auch nicht dr\u00fcber sprechen. \u201eEs mir schon passiert, dass ich Dinge angek\u00fcndigt habe, die ich dann sp\u00e4ter doch komplett verworfen habe. Komponieren ist bei mir ein Prozess mit leicht chaotischen Z\u00fcgen.\u201c Weder der konkrete Verlauf noch das Ende dieses Prozesses folgen einem festen Schema \u2013auch die Anf\u00e4nge \u00e4hneln sich nie, m\u00fcssen mit wechselnden Strategien erk\u00e4mpft werden. Ihr fallen die Dinge nicht in den Scho\u00df, sagt Djordjevi\u0107, immer wieder m\u00fcsse sie neu von vorn ansetzen, um aus einer dunklen Vorstellung, einer Art gro\u00dfem \u201eMurmeln\u201c, Ideen, Kl\u00e4nge und Materialien herauszukristallisieren, mit denen sie dann arbeiten k\u00f6nne.<\/span><\/p>\n<p><span style=\"font-weight: 400;\">Dabei mangelt es nicht an Inspiration. Seit der Schulzeit schl\u00e4gt das Herz der geb\u00fcrtigen Serbin gleicherma\u00dfen f\u00fcr die Naturwissenschaften und die bildende Kunst, dazu kommen Anregungen aus der Literatur und dem politischen Zeitgeschehen. Und manchmal \u00fcberlagern sich die Felder auch, wie beim Schlagzeugkonzert <\/span><i><span style=\"font-weight: 400;\">Jadarit<\/span><\/i><span style=\"font-weight: 400;\">, das Milica Djordjevi\u0107 k\u00fcrzlich f\u00fcr Musikfabrik-Schlagzeuger Dirk Rothbrust geschrieben hat: Jadarit ist ein extrem seltenes, erst vor wenigen Jahren entdecktes Mineral, das ziemlich genau dem legend\u00e4ren Kryptonit aus dem Superman-Kosmos entspricht. Benannt ist es nach seinem einzigen Fundort, dem Jadar-Tal in Serbien, und es enth\u00e4lt neben Bor auch das f\u00fcr die Batterie-Herstellung essentielle Element Lithium. Der Abbau ist in Serbien ein hart umk\u00e4mpftes Politikum. \u00d6konomie steht gegen \u00d6kologie, die Aussicht auf extremen Profit gegen eine kaum vermeidbare Naturzerst\u00f6rung gr\u00f6\u00dften Ausma\u00dfes. All das ist schlie\u00dflich eingeflossen in die Arbeit: die wissenschaftliche Faszination am neuen Element, die skurrile Koinzidenz des Faktischen mit dem Fiktiven und die Sorge um einen \u00f6kologischen Kahlschlag, der beinahe ein Drittel des gesamten Landes verw\u00fcsten k\u00f6nnte.\u00a0<\/span><\/p>\n<p><span style=\"font-weight: 400;\">Soviel will Milica Djordjevi\u0107 dann \u00fcbrigens doch verraten: das neue Solost\u00fcck f\u00fcr Dirk Rothbrust &#8211; eines von dreien, das bei ihr f\u00fcr Mitglieder des Ensembles Musikfabrik in Auftrag gegeben worden ist f\u00fcr das K\u00f6lner Festival \u201eAcht Br\u00fccken\u201c in 2023 \u2013 wird an diesen Komplex ankn\u00fcpfen. Und zwar nicht nur thematisch, sondern auch musikalisch: \u201eIch m\u00f6chte Material aus dem Konzert quasi wie Stammzellen in das Solo implantieren.\u201c Und so ist es auch bei vielen anderen, eigentlich bei all ihren Partituren: \u201eaus jeder Partitur fliegen Funken in die n\u00e4chste.\u201c<\/span><\/p>\n            <\/div>\r\n            <div class=\"col col-custom-2\">\r\n\t\t\t\t<figure id=\"attachment_11006\" aria-describedby=\"caption-attachment-11006\" class=\"wp-caption alignnone\"><img decoding=\"async\" class=\"wp-image-11006 size-full\" src=\"https:\/\/www.musikfabrik.eu\/wp-content\/uploads\/2023\/01\/M_Djordjevic-\u00a9-Astrid_Ackermann.jpg\" alt=\"\" width=\"1000\" height=\"667\" srcset=\"https:\/\/www.musikfabrik.eu\/wp-content\/uploads\/2023\/01\/M_Djordjevic-\u00a9-Astrid_Ackermann.jpg 1000w, https:\/\/www.musikfabrik.eu\/wp-content\/uploads\/2023\/01\/M_Djordjevic-\u00a9-Astrid_Ackermann-300x200.jpg 300w, https:\/\/www.musikfabrik.eu\/wp-content\/uploads\/2023\/01\/M_Djordjevic-\u00a9-Astrid_Ackermann-768x512.jpg 768w\" sizes=\"(max-width: 1000px) 100vw, 1000px\" \/><figcaption id=\"caption-attachment-11006\" class=\"wp-caption-text\">Milica Djordjevic \u00a9 Astrid Ackermann<\/figcaption><\/figure>\n<p><span style=\"font-weight: 400;\">Was auch immer Milica Djordjevi\u0107 inspiriert \u2013 die Idee f\u00fchrt nie direkt zur Partitur, sondern sucht den Umweg \u00fcber die Zeichnung. \u201eF\u00fcr mich pers\u00f6nlich ist das das nat\u00fcrlichste und intuitivste Mittel, die Kl\u00e4nge und Formen, die ich mir vorstelle, zu zeichnen. So gewinne ich Klarheit dar\u00fcber, was ich tun werde.\u201c Ist einmal die Form in groben Z\u00fcgen entworfen, hebt sie ihre Baustellen an ganz unterschiedlichen Orten aus. \u201eIch muss nicht mit dem Anfang anfangen und gehe sowieso nicht strikt chronologisch vor, nicht Takt f\u00fcr Takt. Manchmal arbeite ich erst einmal die Mitte genauer aus und spring dann weiter vor oder zur\u00fcck.\u201c\u00a0<\/span><\/p>\n<p><span style=\"font-weight: 400;\">Und das Ende? Ist nicht unbedingt das Ende. So gerne Milica Djordjevi\u0107 ihre Arbeit im Austausch mit ihren Interpreten entwickelt, vor allem bei Solost\u00fccken, so so bereitwillig passt sie bei Proben oder auch nach Auff\u00fchrungen noch einmal Details an, reagiert auf eigene Beobachtungen und Hinweise anderer. \u201eIm engen Kontakt mit den Musikern k\u00f6nnen magische Dinge passieren.\u201c\u00a0<\/span><\/p>\n<p><em>Raoul M\u00f6rchen<\/em><\/p>\n            <\/div>\r\n        <\/div>\r\n    <\/div>\r\n<\/div>\r\n","protected":false},"excerpt":{"rendered":"<p>Milica Djordjevi\u0107 verr\u00e4t, wie ein neues St\u00fcck entsteht. Ein Text von Raoul M\u00f6rchen.<\/p>\n","protected":false},"author":7,"featured_media":11006,"comment_status":"closed","ping_status":"closed","sticky":false,"template":"","format":"standard","meta":{"_acf_changed":false,"_relevanssi_hide_post":"","_relevanssi_hide_content":"","_relevanssi_pin_for_all":"","_relevanssi_pin_keywords":"","_relevanssi_unpin_keywords":"","_relevanssi_related_keywords":"","_relevanssi_related_include_ids":"","_relevanssi_related_exclude_ids":"","_relevanssi_related_no_append":"","_relevanssi_related_not_related":"","_relevanssi_related_posts":"","_relevanssi_noindex_reason":"","footnotes":""},"categories":[89,92,90],"tags":[100],"class_list":["post-11002","post","type-post","status-publish","format-standard","has-post-thumbnail","hentry","category-artikel","category-portraet","category-werktext","tag-musikfabrik-im-wdr"],"acf":[],"_links":{"self":[{"href":"https:\/\/www.musikfabrik.eu\/de\/wp-json\/wp\/v2\/posts\/11002","targetHints":{"allow":["GET"]}}],"collection":[{"href":"https:\/\/www.musikfabrik.eu\/de\/wp-json\/wp\/v2\/posts"}],"about":[{"href":"https:\/\/www.musikfabrik.eu\/de\/wp-json\/wp\/v2\/types\/post"}],"author":[{"embeddable":true,"href":"https:\/\/www.musikfabrik.eu\/de\/wp-json\/wp\/v2\/users\/7"}],"replies":[{"embeddable":true,"href":"https:\/\/www.musikfabrik.eu\/de\/wp-json\/wp\/v2\/comments?post=11002"}],"version-history":[{"count":10,"href":"https:\/\/www.musikfabrik.eu\/de\/wp-json\/wp\/v2\/posts\/11002\/revisions"}],"predecessor-version":[{"id":11060,"href":"https:\/\/www.musikfabrik.eu\/de\/wp-json\/wp\/v2\/posts\/11002\/revisions\/11060"}],"wp:featuredmedia":[{"embeddable":true,"href":"https:\/\/www.musikfabrik.eu\/de\/wp-json\/wp\/v2\/media\/11006"}],"wp:attachment":[{"href":"https:\/\/www.musikfabrik.eu\/de\/wp-json\/wp\/v2\/media?parent=11002"}],"wp:term":[{"taxonomy":"category","embeddable":true,"href":"https:\/\/www.musikfabrik.eu\/de\/wp-json\/wp\/v2\/categories?post=11002"},{"taxonomy":"post_tag","embeddable":true,"href":"https:\/\/www.musikfabrik.eu\/de\/wp-json\/wp\/v2\/tags?post=11002"}],"curies":[{"name":"wp","href":"https:\/\/api.w.org\/{rel}","templated":true}]}}